{"id":1000028686,"date":"2026-03-10T15:33:58","date_gmt":"2026-03-10T18:33:58","guid":{"rendered":"https:\/\/gazzettinoitalianopatagonico.com\/?p=1000028686"},"modified":"2026-03-10T15:34:00","modified_gmt":"2026-03-10T18:34:00","slug":"iran-promete-combatir-el-tiempo-que-sea-necesario-y-bloquear-el-suministro-de-petroleo","status":"publish","type":"post","link":"https:\/\/gazzettinoitalianopatagonico.com\/?p=1000028686","title":{"rendered":"Ir\u00e1n promete combatir \u00abel tiempo que sea necesario\u00bb y bloquear el suministro de petr\u00f3leo"},"content":{"rendered":"\n<p>Ir\u00e1n prometi\u00f3 este martes combatir lo que haga falta y advirti\u00f3 que no se exportar\u00e1 ni un litro de petr\u00f3leo desde el Golfo mientras dure la guerra contra Estados Unidos e Israel, un conflicto que, seg\u00fan el presidente Donald Trump, \u00abterminar\u00e1 pronto\u00bb.<\/p>\n\n\n\n<p>\u00abEstamos preparados para continuar los ataques con misiles contra ellos el tiempo que sea necesario y siempre que sea necesario\u00bb, declar\u00f3 el canciller iran\u00ed, Ab\u00e1s Araqchi, a la cadena estadounidense PBS News.<\/p>\n\n\n\n<p>Y en un contexto de volatilidad de los precios del crudo a causa de la guerra y del bloqueo de facto del estrecho de Ormuz, por donde pasa una quinta parte del petr\u00f3leo y del gas natural licuado que se consumen en el mundo, los Guardianes de la Revoluci\u00f3n iran\u00edes redoblaron la presi\u00f3n.<\/p>\n\n\n\n<p>\u00abLas fuerzas armadas iran\u00edes [\u2026] no permitir\u00e1n la exportaci\u00f3n de un solo litro de petr\u00f3leo de la regi\u00f3n a la parte hostil y sus aliados hasta nuevo aviso\u00bb, advirtieron.<\/p>\n\n\n\n<p>\u00abSeremos nosotros quienes decidamos el fin de la guerra\u00bb, declar\u00f3 la Guardia Revolucionaria, pr\u00f3xima al nuevo l\u00edder supremo, Mojataba Jamenei, en un comunicado difundido por medios iran\u00edes.<\/p>\n\n\n\n<p>Horas antes, durante una rueda de prensa en Florida, Trump hab\u00eda afirmado: \u00abEsto terminar\u00e1 pronto\u00bb.<\/p>\n\n\n\n<p>Para aliviar precios, Trump dijo sin apenas dar detalles que levantar\u00eda las sanciones relacionadas con el petr\u00f3leo a algunos pa\u00edses, despu\u00e9s de haber mantenido una conversaci\u00f3n \u00abpositiva\u00bb, seg\u00fan \u00e9l, con su par ruso Vladimir Putin. El crudo ruso est\u00e1 bajo sanciones occidentales a ra\u00edz de la invasi\u00f3n de Ucrania.<\/p>\n\n\n\n<p>Pese a las declaraciones de Trump, el primer ministro israel\u00ed, Benjamin Netanyahu, se\u00f1al\u00f3 este martes que \u00aba\u00fan no hemos terminado\u00bb en Ir\u00e1n, y defendi\u00f3 que su ofensiva le est\u00e1 \u00abrompiendo los huesos\u00bb al poder de Teher\u00e1n.<\/p>\n\n\n\n<p>Los comentarios del presidente estadounidense provocaron una fuerte ca\u00edda de los precios del crudo, ahora entre 86 y 90 d\u00f3lares el barril, y repuntes en las bolsas, tanto en Asia al cierre como en Europa a la apertura.<\/p>\n\n\n\n<p>Tambi\u00e9n retrocedieron los precios del gas en Europa, alrededor de un 15%.<\/p>\n\n\n\n<p>\u2013 Objetivos poco claros \u2013&nbsp;<\/p>\n\n\n\n<p>En diez d\u00edas, Estados Unidos atac\u00f3 m\u00e1s de 5.000 objetivos, incluyendo m\u00e1s de medio centenar de nav\u00edos iran\u00edes, anunci\u00f3 el lunes el ej\u00e9rcito estadounidense.&nbsp;<\/p>\n\n\n\n<p>Los bombardeos de Estados Unidos e Israel han dejado m\u00e1s de 1.200 muertos en 10 d\u00edas, seg\u00fan Ir\u00e1n. La AFP no puede verificar los balances comunicados con una fuente independiente.<\/p>\n\n\n\n<p>El lunes por la noche, el ej\u00e9rcito de Israel anunci\u00f3 una nueva oleada de bombardeos \u00abde gran amplitud\u00bb contra Teher\u00e1n, donde medios estatales reportaron poco despu\u00e9s ataques en la capital y en Jomein, en el centro del pa\u00eds.<\/p>\n\n\n\n<p>En cuanto a los objetivos de la guerra, Donald Trump no se ha pronunciado con claridad.&nbsp;<\/p>\n\n\n\n<p>Washington ha llamado sucesivamente a un cambio de r\u00e9gimen o, en su defecto, a la formaci\u00f3n de un gobierno en Teher\u00e1n af\u00edn a sus intereses. Trump dijo el lunes que \u00abno est\u00e1 contento\u00bb con el nombramiento como l\u00edder supremo de Mojtaba Jamenei, hijo de Al\u00ed Jamenei, asesinado el 28 de febrero al inicio de la campa\u00f1a militar israeloestadounidense.<\/p>\n\n\n\n<p>La administraci\u00f3n Trump afirma querer destruir las capacidades bal\u00edsticas de Ir\u00e1n e impedir que se dote de la bomba at\u00f3mica. Una intenci\u00f3n que Teher\u00e1n siempre ha negado tener.&nbsp;<\/p>\n\n\n\n<p>\u2013 \u00abLa pol\u00edtica te acaba dando alcance\u00bb \u2013<\/p>\n\n\n\n<p>En tanto, Ir\u00e1n contin\u00faa con sus ataques de represalia contra territorio israel\u00ed y la infraestructura petrolera de sus vecinos en la regi\u00f3n del Golfo.<\/p>\n\n\n\n<p>Emiratos \u00c1rabes Unidos indic\u00f3 el martes que hab\u00eda sido objeto de ataques con drones y misiles iran\u00edes; y Kuwait y Arabia Saudita dijeron que hab\u00edan derribado drones.&nbsp;<\/p>\n\n\n\n<p>Bar\u00e9in dio cuenta de dos muertos en un ataque iran\u00ed contra un edificio residencial de Manama, la capital.<\/p>\n\n\n\n<p>En Dub\u00e1i, centro comercial y tur\u00edstico de los Emiratos, vive una importante comunidad iran\u00ed que tambi\u00e9n se ve afectada por los ataques de la rep\u00fablica isl\u00e1mica.&nbsp;<\/p>\n\n\n\n<p>A algunos, la actual guerra les hace sentir inc\u00f3modos.<\/p>\n\n\n\n<p>\u00abEs como si te invitan a casa de alguien y tu hijo le pega al hijo del anfitri\u00f3n\u00bb, coment\u00f3 Morteza Asaadi, un comerciante cuyo padre lleg\u00f3 a Dub\u00e1i en los a\u00f1os 1920 con la esperanza de prosperar.&nbsp;<\/p>\n\n\n\n<p>La regla t\u00e1cita siempre ha sido no meterse en pol\u00edtica, pero \u00abdesgraciadamente, la pol\u00edtica a veces te acaba dando alcance\u00bb, subraya.<\/p>\n\n\n\n<p>En el frente liban\u00e9s, a miles de kil\u00f3metros de Ir\u00e1n, Israel volvi\u00f3 a bombardear este martes el sur y el este del pa\u00eds, inform\u00f3 la agencia nacional libanesa de noticas ANI.<\/p>\n\n\n\n<p>Israel bombardea L\u00edbano desde que el movimiento proiran\u00ed liban\u00e9s Hezbol\u00e1 arrastr\u00f3 a su pa\u00eds a la guerra regional el 2 de marzo, al lanzar misiles contra Israel.<\/p>\n\n\n\n<p>El lunes, el presidente liban\u00e9s, Joseph Aoun, acus\u00f3 a Hezbol\u00e1 de querer provocar el \u00abhundimiento\u00bb de L\u00edbano a cuenta de Ir\u00e1n, y pidi\u00f3 \u00abnegociaciones directas\u00bb con Israel para poner fin al conflicto. Ambos pa\u00edses no tienen relaciones diplom\u00e1ticas.<\/p>\n\n\n\n<p>Los ataques israel\u00edes han dejado al menos 486 muertos y m\u00e1s de medio mill\u00f3n de desplazados, seg\u00fan las autoridades libanesas.&nbsp;<\/p>\n","protected":false},"excerpt":{"rendered":"<p>Ir\u00e1n prometi\u00f3 este martes combatir lo que haga falta y advirti\u00f3 que no se exportar\u00e1 ni un litro de petr\u00f3leo desde el Golfo mientras dure la guerra contra Estados Unidos e Israel, un conflicto que, seg\u00fan el presidente Donald Trump, \u00abterminar\u00e1 pronto\u00bb. \u00abEstamos preparados para continuar los ataques con misiles contra ellos el tiempo que [&hellip;]<\/p>\n","protected":false},"author":1,"featured_media":1000028687,"comment_status":"closed","ping_status":"open","sticky":false,"template":"","format":"standard","meta":{"content-type":"","_jetpack_memberships_contains_paid_content":false,"jnews-multi-image_gallery":[],"jnews_single_post":{"format":"standard"},"jnews_primary_category":[],"footnotes":"","jetpack_publicize_message":"","jetpack_publicize_feature_enabled":true,"jetpack_social_post_already_shared":true,"jetpack_social_options":{"image_generator_settings":{"template":"highway","default_image_id":0,"font":"","enabled":false},"version":2}},"categories":[41],"tags":[],"class_list":{"0":"post-1000028686","1":"post","2":"type-post","3":"status-publish","4":"format-standard","5":"has-post-thumbnail","7":"category-mundo"},"jetpack_publicize_connections":[],"jetpack_featured_media_url":"https:\/\/i0.wp.com\/gazzettinoitalianopatagonico.com\/wp-content\/uploads\/2026\/03\/2026-03-10T093A543A03Z-91071149.webp?fit=879%2C586&ssl=1","jetpack_likes_enabled":true,"jetpack_sharing_enabled":true,"_links":{"self":[{"href":"https:\/\/gazzettinoitalianopatagonico.com\/index.php?rest_route=\/wp\/v2\/posts\/1000028686","targetHints":{"allow":["GET"]}}],"collection":[{"href":"https:\/\/gazzettinoitalianopatagonico.com\/index.php?rest_route=\/wp\/v2\/posts"}],"about":[{"href":"https:\/\/gazzettinoitalianopatagonico.com\/index.php?rest_route=\/wp\/v2\/types\/post"}],"author":[{"embeddable":true,"href":"https:\/\/gazzettinoitalianopatagonico.com\/index.php?rest_route=\/wp\/v2\/users\/1"}],"replies":[{"embeddable":true,"href":"https:\/\/gazzettinoitalianopatagonico.com\/index.php?rest_route=%2Fwp%2Fv2%2Fcomments&post=1000028686"}],"version-history":[{"count":1,"href":"https:\/\/gazzettinoitalianopatagonico.com\/index.php?rest_route=\/wp\/v2\/posts\/1000028686\/revisions"}],"predecessor-version":[{"id":1000028688,"href":"https:\/\/gazzettinoitalianopatagonico.com\/index.php?rest_route=\/wp\/v2\/posts\/1000028686\/revisions\/1000028688"}],"wp:featuredmedia":[{"embeddable":true,"href":"https:\/\/gazzettinoitalianopatagonico.com\/index.php?rest_route=\/wp\/v2\/media\/1000028687"}],"wp:attachment":[{"href":"https:\/\/gazzettinoitalianopatagonico.com\/index.php?rest_route=%2Fwp%2Fv2%2Fmedia&parent=1000028686"}],"wp:term":[{"taxonomy":"category","embeddable":true,"href":"https:\/\/gazzettinoitalianopatagonico.com\/index.php?rest_route=%2Fwp%2Fv2%2Fcategories&post=1000028686"},{"taxonomy":"post_tag","embeddable":true,"href":"https:\/\/gazzettinoitalianopatagonico.com\/index.php?rest_route=%2Fwp%2Fv2%2Ftags&post=1000028686"}],"curies":[{"name":"wp","href":"https:\/\/api.w.org\/{rel}","templated":true}]}}