{"id":1000028676,"date":"2026-03-10T08:27:38","date_gmt":"2026-03-10T11:27:38","guid":{"rendered":"https:\/\/gazzettinoitalianopatagonico.com\/?p=1000028676"},"modified":"2026-03-10T08:27:38","modified_gmt":"2026-03-10T11:27:38","slug":"ue-von-der-leyen-priorita-sicurezza-mercati-aperti-diplomazia","status":"publish","type":"post","link":"https:\/\/gazzettinoitalianopatagonico.com\/?p=1000028676","title":{"rendered":"Ue, von der Leyen: \u201cPriorit\u00e0 sicurezza, mercati aperti, diplomazia\u201d"},"content":{"rendered":"\n<p>\u201cL\u2019Europa non pu\u00f2 pi\u00f9 limitarsi a essere custode del vecchio ordine mondiale, ma deve difendere e sostenere il sistema basato sulle regole costruito con i nostri alleati\u201d.<\/p>\n\n\n\n<p>Lo ha affermato la presidente della Commissione europea Ursula von der Leyen alla Conferenza degli ambasciatori dell\u2019Ue.<\/p>\n\n\n\n<p>\u201cLe nostre priorit\u00e0 sono tre: una nuova strategia di sicurezza europea che garantisca protezione a lungo termine per i cittadini, relazioni commerciali con Paesi terzi e una diplomazia capace di produrre risultati concreti\u201d, ha spiegato von der Leyen.<\/p>\n\n\n\n<p>\u201cL\u2019Europa sar\u00e0 sempre al fianco dell\u2019Ucraina- ha continuato-. Tutti vogliamo che questo orrore e questo spargimento di sangue finiscano e nessuno desidera la pace pi\u00f9 del popolo ucraino. Ma la guerra deve terminare in modo da non seminare i semi di futuri conflitti. E questo \u00e8 ci\u00f2 su cui continuiamo a lavorare ogni giorno per garantire una reale sicurezza a lungo termine per l\u2019Ucraina\u201d.<\/p>\n\n\n\n<p>Sul fronte commerciale, la presidente Ue ha sottolineato che \u201ci mercati aperti e le catene del valore affidabili rendono la nostra economia pi\u00f9 forte e resiliente\u201d, sottolineando anche che la rete di accordi commerciali dell\u2019Ue copre oggi quasi il 50% del Pil globale. \u201cStiamo diversificando le forniture di materie prime e collaborando con Paesi come India, America Latina e Australia per chip e tecnologie pulite\u201d ha spiegato.<\/p>\n\n\n\n<p>\u201cL\u2019obiettivo \u00e8 creare una comunit\u00e0 commerciale globale sicura e affidabile, pronta ad espandersi ulteriormente, ad esempio con i 12 membri del Partenariato trans-pacifico\u201d. Infine, sulla diplomazia internazionale e la pace in Medio Oriente, von der Leyen ha concluso: \u201cOgni iniziativa per la ricostruzione di Gaza deve integrarsi con l\u2019Onu. L\u2019Europa deve fare sentire la propria voce, proteggere i propri interessi e portare i propri valori al tavolo. Il sistema Onu ha bisogno di riforme, e quando i formati tradizionali arrivano a un\u2019impasse, dobbiamo esplorare soluzioni alternative, per affrontare le crisi pi\u00f9 serie dei nostri tempi\u201d.<\/p>\n\n\n\n<p>Alessio Pisan\u00f2<\/p>\n","protected":false},"excerpt":{"rendered":"<p>\u201cL\u2019Europa non pu\u00f2 pi\u00f9 limitarsi a essere custode del vecchio ordine mondiale, ma deve difendere e sostenere il sistema basato sulle regole costruito con i nostri alleati\u201d. Lo ha affermato la presidente della Commissione europea Ursula von der Leyen alla Conferenza degli ambasciatori dell\u2019Ue. \u201cLe nostre priorit\u00e0 sono tre: una nuova strategia di sicurezza europea [&hellip;]<\/p>\n","protected":false},"author":1,"featured_media":1000028678,"comment_status":"closed","ping_status":"open","sticky":false,"template":"","format":"standard","meta":{"content-type":"","_jetpack_memberships_contains_paid_content":false,"jnews-multi-image_gallery":[],"jnews_single_post":{"format":"standard"},"jnews_primary_category":[],"footnotes":"","jetpack_publicize_message":"","jetpack_publicize_feature_enabled":true,"jetpack_social_post_already_shared":true,"jetpack_social_options":{"image_generator_settings":{"template":"highway","default_image_id":0,"font":"","enabled":false},"version":2}},"categories":[41],"tags":[],"class_list":{"0":"post-1000028676","1":"post","2":"type-post","3":"status-publish","4":"format-standard","5":"has-post-thumbnail","7":"category-mundo"},"jetpack_publicize_connections":[],"jetpack_featured_media_url":"https:\/\/i0.wp.com\/gazzettinoitalianopatagonico.com\/wp-content\/uploads\/2026\/03\/zwfg.jpg?fit=1024%2C682&ssl=1","jetpack_likes_enabled":true,"jetpack_sharing_enabled":true,"_links":{"self":[{"href":"https:\/\/gazzettinoitalianopatagonico.com\/index.php?rest_route=\/wp\/v2\/posts\/1000028676","targetHints":{"allow":["GET"]}}],"collection":[{"href":"https:\/\/gazzettinoitalianopatagonico.com\/index.php?rest_route=\/wp\/v2\/posts"}],"about":[{"href":"https:\/\/gazzettinoitalianopatagonico.com\/index.php?rest_route=\/wp\/v2\/types\/post"}],"author":[{"embeddable":true,"href":"https:\/\/gazzettinoitalianopatagonico.com\/index.php?rest_route=\/wp\/v2\/users\/1"}],"replies":[{"embeddable":true,"href":"https:\/\/gazzettinoitalianopatagonico.com\/index.php?rest_route=%2Fwp%2Fv2%2Fcomments&post=1000028676"}],"version-history":[{"count":1,"href":"https:\/\/gazzettinoitalianopatagonico.com\/index.php?rest_route=\/wp\/v2\/posts\/1000028676\/revisions"}],"predecessor-version":[{"id":1000028679,"href":"https:\/\/gazzettinoitalianopatagonico.com\/index.php?rest_route=\/wp\/v2\/posts\/1000028676\/revisions\/1000028679"}],"wp:featuredmedia":[{"embeddable":true,"href":"https:\/\/gazzettinoitalianopatagonico.com\/index.php?rest_route=\/wp\/v2\/media\/1000028678"}],"wp:attachment":[{"href":"https:\/\/gazzettinoitalianopatagonico.com\/index.php?rest_route=%2Fwp%2Fv2%2Fmedia&parent=1000028676"}],"wp:term":[{"taxonomy":"category","embeddable":true,"href":"https:\/\/gazzettinoitalianopatagonico.com\/index.php?rest_route=%2Fwp%2Fv2%2Fcategories&post=1000028676"},{"taxonomy":"post_tag","embeddable":true,"href":"https:\/\/gazzettinoitalianopatagonico.com\/index.php?rest_route=%2Fwp%2Fv2%2Ftags&post=1000028676"}],"curies":[{"name":"wp","href":"https:\/\/api.w.org\/{rel}","templated":true}]}}