{"id":1000028667,"date":"2026-03-10T08:24:35","date_gmt":"2026-03-10T11:24:35","guid":{"rendered":"https:\/\/gazzettinoitalianopatagonico.com\/?p=1000028667"},"modified":"2026-03-10T08:24:37","modified_gmt":"2026-03-10T11:24:37","slug":"sta-per-tornare-lora-legale-ecco-quando-le-lancette-si-spostano-in-avanti-di-unora","status":"publish","type":"post","link":"https:\/\/gazzettinoitalianopatagonico.com\/?p=1000028667","title":{"rendered":"Sta per tornare l\u2019ora legale: ecco quando le lancette si spostano in avanti di un\u2019ora"},"content":{"rendered":"\n<p>Pi\u00f9 ore di sole e quel senso di \u2018vivere pi\u00f9 a lungo\u2019 la giornata. Dopo il buio dei mesi invernali ecco finalmente tornare l\u2019ora legale. Ma se nella maggior parte degli Stati Uniti le lancette sono state spostate in avanti gi\u00e0 ieri notte, in Europa e quindi anche in Italia, bisogner\u00e0 pazientare ancora: il cambio infatti, avver\u00e0 nella notte tra sabato 28 e domenica 29 marzo. Alle 2:00 di notte, le lancette andranno spostate avanti di un\u2019ora, passando direttamente alle 3:00. Questa operazione, che avviene solitamente in maniera automatica sui dispositivi elettronici, permetter\u00e0 di guadagnare un\u2019ora in pi\u00f9 di luce solare e di diminuire il consumo di energia elettrica.<\/p>\n\n\n\n<p>GLI EFFETTI DEL CAMBIO D\u2019ORA SUL CORPO<\/p>\n\n\n\n<p>Il passaggio dall\u2019ora solare a quella legale pu\u00f2 avere effetti sul nostro organismo. Alcune persone avvertono stanchezza, irritabilit\u00e0, difficolt\u00e0 di concentrazione e leggeri disturbi del sonno, poich\u00e9 il nostro orologio biologico impiega qualche giorno ad adattarsi al nuovo ritmo. Ad accusare maggiormente il cambio sono i cosiddetti \u201cgufi\u201d, ovvero chi \u00e8 abituato a dormire e svegliarsi tardi. Anche bambini, anziani e animali domestici possono risentire della variazione, soprattutto per la modifica delle loro abitudini giornaliere.<\/p>\n\n\n\n<p>PERCH\u00c9 ESISTE L\u2019ORA LEGALE?<\/p>\n\n\n\n<p>L\u2019idea di spostare le lancette per sfruttare meglio la luce naturale viene spesso attribuita a Benjamin Franklin, che nel 1784 scrisse un articolo satirico sul \u201cJournal de Paris\u201d riguardante il risparmio energetico. Tuttavia, il primo a proporre seriamente questa misura fu il biologo George Vernon Hudson nel 1895. L\u2019ora legale venne poi introdotta in Europa nel 1916, durante la Prima guerra mondiale, per risparmiare energia. In Italia fu adottata per la prima volta nello stesso anno, poi abolita e ripristinata pi\u00f9 volte fino al 1966, quando divenne stabile. Dal 2001, tutti i Paesi dell\u2019Unione Europea seguono la stessa regola: l\u2019ora legale inizia l\u2019ultima domenica di marzo e termina l\u2019ultima domenica di ottobre.<\/p>\n\n\n\n<p>N.S.<\/p>\n","protected":false},"excerpt":{"rendered":"<p>Pi\u00f9 ore di sole e quel senso di \u2018vivere pi\u00f9 a lungo\u2019 la giornata. Dopo il buio dei mesi invernali ecco finalmente tornare l\u2019ora legale. Ma se nella maggior parte degli Stati Uniti le lancette sono state spostate in avanti gi\u00e0 ieri notte, in Europa e quindi anche in Italia, bisogner\u00e0 pazientare ancora: il cambio [&hellip;]<\/p>\n","protected":false},"author":1,"featured_media":1000028668,"comment_status":"closed","ping_status":"open","sticky":false,"template":"","format":"standard","meta":{"content-type":"","_jetpack_memberships_contains_paid_content":false,"jnews-multi-image_gallery":[],"jnews_single_post":{"format":"standard"},"jnews_primary_category":[],"footnotes":"","jetpack_publicize_message":"","jetpack_publicize_feature_enabled":true,"jetpack_social_post_already_shared":true,"jetpack_social_options":{"image_generator_settings":{"template":"highway","default_image_id":0,"font":"","enabled":false},"version":2}},"categories":[255],"tags":[],"class_list":{"0":"post-1000028667","1":"post","2":"type-post","3":"status-publish","4":"format-standard","5":"has-post-thumbnail","7":"category-sociales"},"jetpack_publicize_connections":[],"jetpack_featured_media_url":"https:\/\/i0.wp.com\/gazzettinoitalianopatagonico.com\/wp-content\/uploads\/2026\/03\/zasdfu.jpg?fit=1024%2C576&ssl=1","jetpack_likes_enabled":true,"jetpack_sharing_enabled":true,"_links":{"self":[{"href":"https:\/\/gazzettinoitalianopatagonico.com\/index.php?rest_route=\/wp\/v2\/posts\/1000028667","targetHints":{"allow":["GET"]}}],"collection":[{"href":"https:\/\/gazzettinoitalianopatagonico.com\/index.php?rest_route=\/wp\/v2\/posts"}],"about":[{"href":"https:\/\/gazzettinoitalianopatagonico.com\/index.php?rest_route=\/wp\/v2\/types\/post"}],"author":[{"embeddable":true,"href":"https:\/\/gazzettinoitalianopatagonico.com\/index.php?rest_route=\/wp\/v2\/users\/1"}],"replies":[{"embeddable":true,"href":"https:\/\/gazzettinoitalianopatagonico.com\/index.php?rest_route=%2Fwp%2Fv2%2Fcomments&post=1000028667"}],"version-history":[{"count":1,"href":"https:\/\/gazzettinoitalianopatagonico.com\/index.php?rest_route=\/wp\/v2\/posts\/1000028667\/revisions"}],"predecessor-version":[{"id":1000028669,"href":"https:\/\/gazzettinoitalianopatagonico.com\/index.php?rest_route=\/wp\/v2\/posts\/1000028667\/revisions\/1000028669"}],"wp:featuredmedia":[{"embeddable":true,"href":"https:\/\/gazzettinoitalianopatagonico.com\/index.php?rest_route=\/wp\/v2\/media\/1000028668"}],"wp:attachment":[{"href":"https:\/\/gazzettinoitalianopatagonico.com\/index.php?rest_route=%2Fwp%2Fv2%2Fmedia&parent=1000028667"}],"wp:term":[{"taxonomy":"category","embeddable":true,"href":"https:\/\/gazzettinoitalianopatagonico.com\/index.php?rest_route=%2Fwp%2Fv2%2Fcategories&post=1000028667"},{"taxonomy":"post_tag","embeddable":true,"href":"https:\/\/gazzettinoitalianopatagonico.com\/index.php?rest_route=%2Fwp%2Fv2%2Ftags&post=1000028667"}],"curies":[{"name":"wp","href":"https:\/\/api.w.org\/{rel}","templated":true}]}}