{"id":1000028658,"date":"2026-03-10T08:18:23","date_gmt":"2026-03-10T11:18:23","guid":{"rendered":"https:\/\/gazzettinoitalianopatagonico.com\/?p=1000028658"},"modified":"2026-03-10T08:18:24","modified_gmt":"2026-03-10T11:18:24","slug":"il-20-e-21-marzo-a-roma-arriva-il-gala-dellamore-les-etoiles-2026","status":"publish","type":"post","link":"https:\/\/gazzettinoitalianopatagonico.com\/?p=1000028658","title":{"rendered":"Il 20 e 21 marzo a Roma arriva \u2018Il Gala dell\u2019amore: Les \u00c9toiles 2026\u2019"},"content":{"rendered":"\n<p>Sboccia la primavera, la natura si risveglia dal letargo invernale e il gala internazionale Les \u00c9toiles a cura di Daniele Cipriani, giunto alla sua 21esima edizione e in programma a Roma all\u2019Auditorium Parco della Musica Ennio Morricone \u2013 Sala Santa Cecilia il 20 e 21 marzo, si fa portatore di un messaggio universale di amore. Niente pu\u00f2 raccontare l\u2019amore meglio di un corpo che, senza parlare, riesce a dire tutto, e la danza ha questa capacit\u00e0. Sar\u00e0 forse perch\u00e9 lavorano a stretto e continuo contatto fisico gli uni con gli altri, sar\u00e0 perch\u00e9 condividono la stessa passione e gli stessi problemi fisici e psicologici e si capiscono vicendevolmente, o sar\u00e0 forse, pi\u00f9 poeticamente, perch\u00e9 passano buona parte della loro carriera a declinare l\u2019amore nei loro passi a due. Insomma, sar\u00e0 per tutte queste ragioni che tra due ballerini succede che fiorisca l\u2019amore. E se sono entrambi delle fulgide stelle, dei ballerini virtuosi e fuoriclasse, allora il bagliore sprigionato dai loro pas de deux sar\u00e0 ancora pi\u00f9 intenso. \u00c8 questa la magia che potranno aspettarsi gli spettatori di Les \u00c9toiles che sar\u00e0 il Gala dell\u2019amore e delle coppie innamorate, poich\u00e9 nel cast, accanto ad altre stelle, vi saranno ben quattro coppie che sono partner in scena come nella vita. Ve li presentiamo qui, con qualche anticipazione dei passi a due che hanno scelto di interpretare e che forse, in qualche maniera, ci parlano del loro amore. Dalla Grande Mela arrivano Tiler Peck e Roman Mejia, entrambi principal al New York City Ballet. La love story tra i due colleghi nasce durante il lockdown, quando decidono di andare in ritiro per lavorare insieme, allenarsi, danzare, creare balletti. Convoleranno a nozze nel giugno dell\u2019anno scorso. Lui \u00e8 una stella in grande ascesa, mentre la Peck, oltre a essere pure un\u2019apprezzata coreografa, \u00e8 la personificazione di quello stile vivace che associamo ai balletti di George Balanchine, dei cui lavori \u00e8 l\u2019attuale interprete per eccellenza.Di lei \u00e8 stato detto che \u00e8 \u2018la ballerina che riesce a fermare il tempo e farlo poi ripartire\u2019, come gli spettatori potranno vedere durante la variazione nel balanchiniano Tschaikovsky Pas de Deux (che danzer\u00e0 con Mejia). Infatti, vi \u00e8 un momento quando rimane come sospesa in equilibrio per ci\u00f2 che sembra durare un\u2019eternit\u00e0 in mezzo a tanta velocit\u00e0. Tiler Peck e Roman Mejia danzeranno anche il passo a due da Herman Schmerman di William Forsythe su musica elettronica di Thom Willems, esplosione di energia all\u2019ennesima potenza per questi sposi danzanti. I costumi sono firmati Versace. La seconda coppia amorosa di Les \u00c9toiles \u00e8 quella formata da Matthew Golding, gi\u00e0 principal del Royal Ballet di Londra, e l\u2019\u00e9toile internazionale Lucia Lacarra, che ha danzato con molte celebri compagnie, dal Ballet National de Marseille, al San Francisco Ballet e al Bayerisches Staatsballett. Insieme, nel 2023, i due innamorati hanno fondato il Lucia Lacarra Ballet, una compagnia neoclassica che \u00e8 gi\u00e0 riuscita ad affascinare il pubblico con la sua eleganza, tecnica e narrativa emozionante. Interpreteranno Snow Storm (\u2018Tempesta di neve\u2019) di Yuri Possokhov, romantico e struggente, su musica di Georgy Sviridov. Di tutt\u2019altro registro, rarefatto, siderale, \u00e8 Borealis di Golding su musica di Max Richter, il secondo brano offerto da questa coppia di cui \u00e8 evidente l\u2019affiatamento, intuibile la complicit\u00e0. Presenza ormai fissa dei gala Les \u00c9toiles \u00e8 quella dei \u2018poeti della danza\u2019, che creano e danzano insieme da molti anni, inossidabile coppia in scena e nella vita: parliamo di Sasha Riva e Simone Repele (Riva &amp; Repele, Ginevra), i coreografi residenti della Daniele Cipriani Entertainment, nonch\u00e9 autori del balletto Amore e Psiche, che ha inaugurato la cerimonia d\u2019apertura dei Giochi Olimpici Invernali di Milano Cortina 2026.Ispirato alla celebre scultura di Antonio Canova, il lavoro ha colpito per la chiave originale in cui Riva e Repele hanno voluto raccontare la bellezza e l\u2019amore. A Roma interpreteranno, invece, un\u2019inaspettata versione del passo a due del \u2018Cigno Bianco\u2019 di Ciaikovsky: The White Pas de Deux. Nelle loro stesse parole, si tratta di una coreografia che racconta un incontro tardivo, nel periodo \u2018bianco\u2019 della vita, la vecchiaia, in cui si diventa coscienti delle proprie fragilit\u00e0. Richiama un altro famoso balletto del repertorio classico anche la creazione Don Chisciotte a firma Riva &amp; Repele per Les \u00c9toiles, e che viene presentata in prima assoluta. Chi segue Les \u00c9toiles sa che ogni edizione del gala presenta nel cast un\u2019\u00e9toile a sorpresa. A Roma, la sorpresa sar\u00e0 doppia poich\u00e9 si tratta di una coppia! Vi sveliamo il mistero: arrivano da Londra Vadim Muntagirov e Fumi Kaneko. Freschissimi di nozze, si sono uniti in matrimonio appena pochi giorni fa, l\u201911 febbraio 2026, anche se c\u2019\u00e8 da dire che gi\u00e0 molte volte avevano insieme danzato romantiche scene di nozze nei grandi balletti sul palcoscenico della Royal Opera House di Londra, casa artistica di entrambi. A Roma, insieme al lirismo del passo a due tratto da Giselle, immortale balletto romantico sull\u2019amore e il perdono, i due portano il Grand Pas Classique di Victor Gsovsky sulla musica di Daniel-Fran\u00e7ois Auber, elegante e raffinato come sono loro, un ricco e intricato ricamo in danza. Con il profumo dei loro fiori d\u2019arancio ancora nell\u2019aria, la presenza al gala degli innamoratissimi Vadim e Fumi sar\u00e0 l\u2019occasione per il pubblico e le altre \u00e9toile di augurare ai neosposi una lunga e felice vita insieme. A passo di danza, naturalmente!<\/p>\n\n\n\n<p>Maria&nbsp;&nbsp;Carotenuto<\/p>\n","protected":false},"excerpt":{"rendered":"<p>Sboccia la primavera, la natura si risveglia dal letargo invernale e il gala internazionale Les \u00c9toiles a cura di Daniele Cipriani, giunto alla sua 21esima edizione e in programma a Roma all\u2019Auditorium Parco della Musica Ennio Morricone \u2013 Sala Santa Cecilia il 20 e 21 marzo, si fa portatore di un messaggio universale di amore. [&hellip;]<\/p>\n","protected":false},"author":1,"featured_media":1000028659,"comment_status":"closed","ping_status":"open","sticky":false,"template":"","format":"standard","meta":{"content-type":"","_jetpack_memberships_contains_paid_content":false,"jnews-multi-image_gallery":[],"jnews_single_post":{"format":"standard"},"jnews_primary_category":[],"footnotes":"","jetpack_publicize_message":"","jetpack_publicize_feature_enabled":true,"jetpack_social_post_already_shared":true,"jetpack_social_options":{"image_generator_settings":{"template":"highway","default_image_id":0,"font":"","enabled":false},"version":2}},"categories":[9],"tags":[241],"class_list":{"0":"post-1000028658","1":"post","2":"type-post","3":"status-publish","4":"format-standard","5":"has-post-thumbnail","7":"category-cultura","8":"tag-cultura"},"jetpack_publicize_connections":[],"jetpack_featured_media_url":"https:\/\/i0.wp.com\/gazzettinoitalianopatagonico.com\/wp-content\/uploads\/2026\/03\/zsdrtty.jpg?fit=1024%2C819&ssl=1","jetpack_likes_enabled":true,"jetpack_sharing_enabled":true,"_links":{"self":[{"href":"https:\/\/gazzettinoitalianopatagonico.com\/index.php?rest_route=\/wp\/v2\/posts\/1000028658","targetHints":{"allow":["GET"]}}],"collection":[{"href":"https:\/\/gazzettinoitalianopatagonico.com\/index.php?rest_route=\/wp\/v2\/posts"}],"about":[{"href":"https:\/\/gazzettinoitalianopatagonico.com\/index.php?rest_route=\/wp\/v2\/types\/post"}],"author":[{"embeddable":true,"href":"https:\/\/gazzettinoitalianopatagonico.com\/index.php?rest_route=\/wp\/v2\/users\/1"}],"replies":[{"embeddable":true,"href":"https:\/\/gazzettinoitalianopatagonico.com\/index.php?rest_route=%2Fwp%2Fv2%2Fcomments&post=1000028658"}],"version-history":[{"count":1,"href":"https:\/\/gazzettinoitalianopatagonico.com\/index.php?rest_route=\/wp\/v2\/posts\/1000028658\/revisions"}],"predecessor-version":[{"id":1000028660,"href":"https:\/\/gazzettinoitalianopatagonico.com\/index.php?rest_route=\/wp\/v2\/posts\/1000028658\/revisions\/1000028660"}],"wp:featuredmedia":[{"embeddable":true,"href":"https:\/\/gazzettinoitalianopatagonico.com\/index.php?rest_route=\/wp\/v2\/media\/1000028659"}],"wp:attachment":[{"href":"https:\/\/gazzettinoitalianopatagonico.com\/index.php?rest_route=%2Fwp%2Fv2%2Fmedia&parent=1000028658"}],"wp:term":[{"taxonomy":"category","embeddable":true,"href":"https:\/\/gazzettinoitalianopatagonico.com\/index.php?rest_route=%2Fwp%2Fv2%2Fcategories&post=1000028658"},{"taxonomy":"post_tag","embeddable":true,"href":"https:\/\/gazzettinoitalianopatagonico.com\/index.php?rest_route=%2Fwp%2Fv2%2Ftags&post=1000028658"}],"curies":[{"name":"wp","href":"https:\/\/api.w.org\/{rel}","templated":true}]}}