{"id":1000028617,"date":"2026-03-09T11:24:20","date_gmt":"2026-03-09T14:24:20","guid":{"rendered":"https:\/\/gazzettinoitalianopatagonico.com\/?p=1000028617"},"modified":"2026-03-09T11:24:22","modified_gmt":"2026-03-09T14:24:22","slug":"mojtaba-jamenei-nuevo-lider-supremo-de-iran-e-influyente-sucesor-de-su-padre","status":"publish","type":"post","link":"https:\/\/gazzettinoitalianopatagonico.com\/?p=1000028617","title":{"rendered":"Mojtaba Jamenei, nuevo l\u00edder supremo de Ir\u00e1n e influyente sucesor de su padre"},"content":{"rendered":"\n<p>Elegido este domingo para conducir Ir\u00e1n como nuevo l\u00edder supremo en lugar de su padre, eliminado en los ataques de Estados Unidos e Israel, Mojtaba Jamenei es una de las personalidades m\u00e1s influyentes de la rep\u00fablica isl\u00e1mica.<\/p>\n\n\n\n<p>El cl\u00e9rigo de 56 a\u00f1os no ostentaba ning\u00fan cargo oficial durante el mandato de su padre, pero se especulaba que actuaba entre los bastidores del poder en Teher\u00e1n.<\/p>\n\n\n\n<p>Se le considera cercano a los conservadores, especialmente por sus v\u00ednculos con los Guardianes de la Revoluci\u00f3n, el ej\u00e9rcito ideol\u00f3gico de la rep\u00fablica isl\u00e1mica que r\u00e1pidamente jur\u00f3 lealtad al nuevo l\u00edder.<\/p>\n\n\n\n<p>Tambi\u00e9n respaldaron su nombramiento el presidente Masud Pezeshkian, las fuerzas armadas y el poder judicial en apenas unas horas del anuncio oficial.<\/p>\n\n\n\n<p>Debido a su discreci\u00f3n en ceremonias oficiales y en medios, la verdadera influencia del hijo de Jamenei hab\u00eda sido objeto de intensas especulaciones entre la poblaci\u00f3n iran\u00ed y los c\u00edrculos diplom\u00e1ticos.<\/p>\n\n\n\n<p>Fue designado por el m\u00e1ximo cuerpo clerical del pa\u00eds, la Asamblea de Expertos, en un comunicado publicado poco despu\u00e9s de la medianoche del lunes (20H30 GMT del domingo).<\/p>\n\n\n\n<p>Otros contendientes para liderar el pa\u00eds inclu\u00edan a Alireza Arafi, uno de los tres miembros del consejo interino que dirig\u00eda el pa\u00eds, Mohsen Araki, e incluso Hassan Jomeini, el nieto del fundador de la rep\u00fablica Isl\u00e1mica en 1979.<\/p>\n\n\n\n<p>Finalmente, la asamblea opt\u00f3 por Mojtaba Jamenei, de 56 a\u00f1os, adoptando un enfoque hereditario que su padre Al\u00ed Jamenei hab\u00eda rechazado en un principio en 2024. La revoluci\u00f3n isl\u00e1mica hab\u00eda puesto fin a un milenario r\u00e9gimen mon\u00e1rquico, organizado en dinast\u00edas.<\/p>\n\n\n\n<p>Nacido el 8 de septiembre de 1969 en la ciudad santa de Mashhad, Mojtaba Jamenei es uno de los seis hijos del ex l\u00edder supremo y el \u00fanico con una posici\u00f3n p\u00fablica.<\/p>\n\n\n\n<p>El ayatol\u00e1 Al\u00ed Jamenei, de 86 a\u00f1os y al frente del pa\u00eds desde 1989, muri\u00f3 el 28 de febrero en un ataque israel\u00ed efectuado en el arranque de su ofensiva junto con Estados Unidos.<\/p>\n\n\n\n<p>\u2013 Nunca elegido \u2013<\/p>\n\n\n\n<p>El religioso, de barba entrecana y turbante negro de los \u00abseyed\u00bb -los descendientes del profeta Mahoma-, fue presentado por algunos como el verdadero dirigente, que actuar\u00eda entre bastidores en la oficina del gu\u00eda supremo, n\u00facleo del poder en Ir\u00e1n.<\/p>\n\n\n\n<p>Es tambi\u00e9n un veterano de la larga guerra entre Ir\u00e1n e Irak en los a\u00f1os 1980, en la que particip\u00f3 en una unidad de combate de los Guardianes de la Revoluci\u00f3n. Por entonces, su padre ejerci\u00f3 de presidente iran\u00ed.<\/p>\n\n\n\n<p>Cuando le impuso sanciones en 2019, el Tesoro de Estados Unidos hab\u00eda indicado que Mojtaba Jamenei \u00abrepresentaba al gu\u00eda supremo oficialmente, aunque nunca fue elegido ni nombrado para un cargo gubernamental, aparte de sus funciones en la oficina de su padre\u00bb.<\/p>\n\n\n\n<p>Al\u00ed Jamenei \u00abdeleg\u00f3 parte de sus responsabilidades de liderazgo a su hijo\u00bb, quien trabaj\u00f3 \u00aben estrecha colaboraci\u00f3n\u00bb con unidades de los Guardianes de la Revoluci\u00f3n \u00abpara avanzar las ambiciones regionales desestabilizadoras de su padre y sus objetivos represivos internos\u00bb, a\u00f1ad\u00eda el Tesoro estadounidense.<\/p>\n\n\n\n<p>Opositores lo responsabilizan de desempe\u00f1ar un papel en la violenta represi\u00f3n tras la reelecci\u00f3n del presidente ultraconservador Mahmud Ahmadineyad en 2009, que provoc\u00f3 un amplio movimiento de protesta.<\/p>\n\n\n\n<p>Seg\u00fan una investigaci\u00f3n de Bloomberg, Mojtaba Jamenei se enriqueci\u00f3 considerablemente al tejer una extensa red de empresas fachada en el extranjero.<\/p>\n\n\n\n<p>En el \u00e1mbito religioso estudi\u00f3 teolog\u00eda en la ciudad santa de Qom, al sur de Teher\u00e1n, donde tambi\u00e9n imparti\u00f3 clases.<\/p>\n\n\n\n<p>Alcanz\u00f3 el t\u00edtulo de hoyatoleslam, otorgado a cl\u00e9rigos de rango intermedio, inferior al de ayatol\u00e1 que ostentaban su padre y Ruhol\u00e1 Jomeini. Sin embargo, tras su nombramiento como gu\u00eda supremo, fue presentado como ayatol\u00e1.<\/p>\n\n\n\n<p>Su esposa, Zahra Hadad Adel, hija de un expresidente del Parlamento, tambi\u00e9n pereci\u00f3 en los ataques del 28 de febrero que provocaron la muerte del gu\u00eda supremo y de su esposa, seg\u00fan las autoridades iran\u00edes.<\/p>\n\n\n\n<p>El ministro de Defensa israel\u00ed, Israel Katz, advirti\u00f3 el mi\u00e9rcoles que cualquier sucesor de Al\u00ed Jamenei se convertir\u00eda \u00aben un objetivo\u00bb.<\/p>\n","protected":false},"excerpt":{"rendered":"<p>Elegido este domingo para conducir Ir\u00e1n como nuevo l\u00edder supremo en lugar de su padre, eliminado en los ataques de Estados Unidos e Israel, Mojtaba Jamenei es una de las personalidades m\u00e1s influyentes de la rep\u00fablica isl\u00e1mica. El cl\u00e9rigo de 56 a\u00f1os no ostentaba ning\u00fan cargo oficial durante el mandato de su padre, pero se [&hellip;]<\/p>\n","protected":false},"author":1,"featured_media":1000028618,"comment_status":"closed","ping_status":"open","sticky":false,"template":"","format":"standard","meta":{"content-type":"","_jetpack_memberships_contains_paid_content":false,"jnews-multi-image_gallery":[],"jnews_single_post":{"format":"standard"},"jnews_primary_category":[],"footnotes":"","jetpack_publicize_message":"","jetpack_publicize_feature_enabled":true,"jetpack_social_post_already_shared":true,"jetpack_social_options":{"image_generator_settings":{"template":"highway","default_image_id":0,"font":"","enabled":false},"version":2}},"categories":[41],"tags":[],"class_list":{"0":"post-1000028617","1":"post","2":"type-post","3":"status-publish","4":"format-standard","5":"has-post-thumbnail","7":"category-mundo"},"jetpack_publicize_connections":[],"jetpack_featured_media_url":"https:\/\/i0.wp.com\/gazzettinoitalianopatagonico.com\/wp-content\/uploads\/2026\/03\/2026-03-04T203A143A35Z-91039873.webp?fit=879%2C587&ssl=1","jetpack_likes_enabled":true,"jetpack_sharing_enabled":true,"_links":{"self":[{"href":"https:\/\/gazzettinoitalianopatagonico.com\/index.php?rest_route=\/wp\/v2\/posts\/1000028617","targetHints":{"allow":["GET"]}}],"collection":[{"href":"https:\/\/gazzettinoitalianopatagonico.com\/index.php?rest_route=\/wp\/v2\/posts"}],"about":[{"href":"https:\/\/gazzettinoitalianopatagonico.com\/index.php?rest_route=\/wp\/v2\/types\/post"}],"author":[{"embeddable":true,"href":"https:\/\/gazzettinoitalianopatagonico.com\/index.php?rest_route=\/wp\/v2\/users\/1"}],"replies":[{"embeddable":true,"href":"https:\/\/gazzettinoitalianopatagonico.com\/index.php?rest_route=%2Fwp%2Fv2%2Fcomments&post=1000028617"}],"version-history":[{"count":1,"href":"https:\/\/gazzettinoitalianopatagonico.com\/index.php?rest_route=\/wp\/v2\/posts\/1000028617\/revisions"}],"predecessor-version":[{"id":1000028619,"href":"https:\/\/gazzettinoitalianopatagonico.com\/index.php?rest_route=\/wp\/v2\/posts\/1000028617\/revisions\/1000028619"}],"wp:featuredmedia":[{"embeddable":true,"href":"https:\/\/gazzettinoitalianopatagonico.com\/index.php?rest_route=\/wp\/v2\/media\/1000028618"}],"wp:attachment":[{"href":"https:\/\/gazzettinoitalianopatagonico.com\/index.php?rest_route=%2Fwp%2Fv2%2Fmedia&parent=1000028617"}],"wp:term":[{"taxonomy":"category","embeddable":true,"href":"https:\/\/gazzettinoitalianopatagonico.com\/index.php?rest_route=%2Fwp%2Fv2%2Fcategories&post=1000028617"},{"taxonomy":"post_tag","embeddable":true,"href":"https:\/\/gazzettinoitalianopatagonico.com\/index.php?rest_route=%2Fwp%2Fv2%2Ftags&post=1000028617"}],"curies":[{"name":"wp","href":"https:\/\/api.w.org\/{rel}","templated":true}]}}