{"id":1000028614,"date":"2026-03-08T22:00:15","date_gmt":"2026-03-09T01:00:15","guid":{"rendered":"https:\/\/gazzettinoitalianopatagonico.com\/?p=1000028614"},"modified":"2026-03-08T22:00:16","modified_gmt":"2026-03-09T01:00:16","slug":"iniziano-le-paralimpiadi-invernali","status":"publish","type":"post","link":"https:\/\/gazzettinoitalianopatagonico.com\/?p=1000028614","title":{"rendered":"Iniziano le Paralimpiadi invernali"},"content":{"rendered":"\n<p>50esimi Giochi paralimpici invernali in programma fino al 15 marzo tra Lombardia, Veneto e Trentino. Questa sera la cerimonia d\u2019apertura all\u2019Arena di Verona dove sfileranno alcuni degli oltre 600 atleti provenienti da 56 Paesi del mondo. Non ci sar\u00e0 l\u2019unico atleta iraniano annunciato, Aboulfazl Khatibi Mianaei, che non ha completato la procedura di iscrizione, mentre saranno presenti gli atleti di Russia e Bielorussia. Una partecipazione, quest\u2019ultima, molto discussa, tanto da indurre pi\u00f9 di 20 delegazioni a non sfilare alla cerimonia di questa sera.<\/p>\n\n\n\n<p>Gli atleti si contenderanno i titoli Paralimpici in 79 eventi da medaglia (39 maschili, 35 femminili e 5 misti) suddivisi in sei sport differenti. Il torneo di Para Ice Hockey \u00e8 in programma alla Milano Santagiulia Hockey Arena, mentre Cortina ospiter\u00e0 tre discipline: Sci alpino Paralimpico, Wheelchair Curling e Snowboard Paralimpico.<\/p>\n\n\n\n<p>Le competizioni saranno ospitate in tre cluster: il cluster cittadino di Milano e i due cluster montani di Cortina e della Val di Fiemme.<\/p>\n\n\n\n<p>Tre i Villaggi Paralimpici situati a Milano, Cortina e Predazzo.<\/p>\n\n\n\n<p>L\u2019edizione di Milano Cortina 2026, come detto, celebrer\u00e0 il 50\u00b0 anniversario dei primi Giochi Paralimpici Invernali, disputati nel 1976 a \u00d6rnsk\u00f6ldsvik, in Svezia, ma anche il 20\u00b0 anniversario di Torino 2006.<\/p>\n\n\n\n<p>Il simbolo Paralimpico \u00e8 conosciuto come Agitos (dal latino \u201cagito\u201d, che significa \u201cmuovere\u201d) e rappresenta l\u2019unione tra mente, corpo e spirito. \u00c8 composto da tre elementi nei colori rosso, blu e verde, le tonalit\u00e0 pi\u00f9 rappresentate nelle bandiere nazionali di tutto il mondo.<\/p>\n\n\n\n<p>La cerimonia di apertura inizier\u00e0 questa sera alle 20.00: per la prima volta una cerimonia paralimpica si terr\u00e0 in un sito patrimonio mondiale dell&#8217;UNESCO.<\/p>\n\n\n\n<p>Il titolo scelto \u00e8 \u201cLife in Motion\u201d: un omaggio alla vita, intesa come cambiamento e trasformazione, che si ispira al linguaggio dell\u2019arte e alla sua capacit\u00e0 unica di interpretare la realt\u00e0 contemporanea in continua evoluzione. Un approccio che riscrive il modo di concepire la disabilit\u00e0 attraverso il raggiungimento di un\u2019armonia nuova tra persona e ambiente.<\/p>\n\n\n\n<p>Ad esibirsi saranno Stewart Copeland, Dardust, Mim\u00ec Caruso, i Meduza e Miky Bionic. La cerimonia sar\u00e0 trasmessa in diretta sui canali RAI e in streaming sulla piattaforma Raiplay.<\/p>\n\n\n\n<p>La Cerimonia di chiusura si svolger\u00e0 il 15 marzo a Cortina, al Cortina Curling Olympic Stadium.<\/p>\n","protected":false},"excerpt":{"rendered":"<p>50esimi Giochi paralimpici invernali in programma fino al 15 marzo tra Lombardia, Veneto e Trentino. Questa sera la cerimonia d\u2019apertura all\u2019Arena di Verona dove sfileranno alcuni degli oltre 600 atleti provenienti da 56 Paesi del mondo. Non ci sar\u00e0 l\u2019unico atleta iraniano annunciato, Aboulfazl Khatibi Mianaei, che non ha completato la procedura di iscrizione, mentre [&hellip;]<\/p>\n","protected":false},"author":1,"featured_media":1000028615,"comment_status":"closed","ping_status":"open","sticky":false,"template":"","format":"standard","meta":{"content-type":"","_jetpack_memberships_contains_paid_content":false,"jnews-multi-image_gallery":[],"jnews_single_post":{"format":"standard"},"jnews_primary_category":[],"footnotes":"","jetpack_publicize_message":"","jetpack_publicize_feature_enabled":true,"jetpack_social_post_already_shared":true,"jetpack_social_options":{"image_generator_settings":{"template":"highway","default_image_id":0,"font":"","enabled":false},"version":2}},"categories":[169],"tags":[],"class_list":{"0":"post-1000028614","1":"post","2":"type-post","3":"status-publish","4":"format-standard","5":"has-post-thumbnail","7":"category-deportes"},"jetpack_publicize_connections":[],"jetpack_featured_media_url":"https:\/\/i0.wp.com\/gazzettinoitalianopatagonico.com\/wp-content\/uploads\/2026\/03\/zwerttt.jpg?fit=859%2C434&ssl=1","jetpack_likes_enabled":true,"jetpack_sharing_enabled":true,"_links":{"self":[{"href":"https:\/\/gazzettinoitalianopatagonico.com\/index.php?rest_route=\/wp\/v2\/posts\/1000028614","targetHints":{"allow":["GET"]}}],"collection":[{"href":"https:\/\/gazzettinoitalianopatagonico.com\/index.php?rest_route=\/wp\/v2\/posts"}],"about":[{"href":"https:\/\/gazzettinoitalianopatagonico.com\/index.php?rest_route=\/wp\/v2\/types\/post"}],"author":[{"embeddable":true,"href":"https:\/\/gazzettinoitalianopatagonico.com\/index.php?rest_route=\/wp\/v2\/users\/1"}],"replies":[{"embeddable":true,"href":"https:\/\/gazzettinoitalianopatagonico.com\/index.php?rest_route=%2Fwp%2Fv2%2Fcomments&post=1000028614"}],"version-history":[{"count":1,"href":"https:\/\/gazzettinoitalianopatagonico.com\/index.php?rest_route=\/wp\/v2\/posts\/1000028614\/revisions"}],"predecessor-version":[{"id":1000028616,"href":"https:\/\/gazzettinoitalianopatagonico.com\/index.php?rest_route=\/wp\/v2\/posts\/1000028614\/revisions\/1000028616"}],"wp:featuredmedia":[{"embeddable":true,"href":"https:\/\/gazzettinoitalianopatagonico.com\/index.php?rest_route=\/wp\/v2\/media\/1000028615"}],"wp:attachment":[{"href":"https:\/\/gazzettinoitalianopatagonico.com\/index.php?rest_route=%2Fwp%2Fv2%2Fmedia&parent=1000028614"}],"wp:term":[{"taxonomy":"category","embeddable":true,"href":"https:\/\/gazzettinoitalianopatagonico.com\/index.php?rest_route=%2Fwp%2Fv2%2Fcategories&post=1000028614"},{"taxonomy":"post_tag","embeddable":true,"href":"https:\/\/gazzettinoitalianopatagonico.com\/index.php?rest_route=%2Fwp%2Fv2%2Ftags&post=1000028614"}],"curies":[{"name":"wp","href":"https:\/\/api.w.org\/{rel}","templated":true}]}}