{"id":1000028588,"date":"2026-03-08T21:45:07","date_gmt":"2026-03-09T00:45:07","guid":{"rendered":"https:\/\/gazzettinoitalianopatagonico.com\/?p=1000028588"},"modified":"2026-03-08T21:45:09","modified_gmt":"2026-03-09T00:45:09","slug":"sartre-el-peso-de-la-libertad","status":"publish","type":"post","link":"https:\/\/gazzettinoitalianopatagonico.com\/?p=1000028588","title":{"rendered":"Sartre: el peso de la libertad"},"content":{"rendered":"\n<p>El fil\u00f3sofo que afirm\u00f3 que el ser humano est\u00e1 condenado a ser libre<\/p>\n\n\n\n<p>Hay momentos en la historia del pensamiento en que una idea cae como un rel\u00e1mpago y cambia la forma de entender la existencia. Jean-Paul Sartre fue uno de esos rel\u00e1mpagos. No construy\u00f3 una filosof\u00eda para explicar el mundo, sino para enfrentar una pregunta m\u00e1s \u00edntima y m\u00e1s inc\u00f3moda: \u00bfqu\u00e9 significa ser libre?<\/p>\n\n\n\n<p>Su respuesta fue tan radical como perturbadora: el ser humano no nace con un destino, ni con una esencia predeterminada, ni con un sentido dado. Primero existe. Despu\u00e9s se define. Y en ese proceso, inevitable, est\u00e1 la libertad. Pero la libertad \u2014dec\u00eda Sartre\u2014 no es liviana. Es una carga.<\/p>\n\n\n\n<p>El hombre sin excusas<\/p>\n\n\n\n<p>Sartre naci\u00f3 en Par\u00eds en 1905 y vivi\u00f3 en un siglo atravesado por guerras, crisis y transformaciones profundas. Fue fil\u00f3sofo, novelista, dramaturgo, ensayista, periodista. No escribi\u00f3 desde la distancia: escribi\u00f3 desde el mundo. Particip\u00f3 en la resistencia francesa durante la ocupaci\u00f3n nazi, intervino en debates pol\u00edticos, cuestion\u00f3 el poder, discuti\u00f3 con su tiempo. Su filosof\u00eda \u2014conocida como existencialismo\u2014 parte de una idea central: la existencia precede a la esencia. El ser humano no est\u00e1 hecho de antemano. No hay naturaleza humana fija, ni destino escrito. Cada persona se construye a trav\u00e9s de sus elecciones. Y all\u00ed aparece la incomodidad: si somos libres, somos responsables. No podemos culpar al destino, a la naturaleza, a Dios, a la historia. Cada decisi\u00f3n nos define.<\/p>\n\n\n\n<p>La libertad como v\u00e9rtigo<\/p>\n\n\n\n<p>Para Sartre, la libertad no es solo posibilidad. Es v\u00e9rtigo. El ser humano est\u00e1 \u201ccondenado a ser libre\u201d porque no puede dejar de elegir. Incluso no elegir es una elecci\u00f3n. Pero elegir implica asumir consecuencias. Y esa responsabilidad genera angustia. No la angustia del miedo f\u00edsico, sino algo m\u00e1s profundo: la conciencia de que nuestras decisiones no solo nos afectan a nosotros, sino que, de alg\u00fan modo, proponen una forma de ser humano. Cuando elegimos, estamos diciendo: esto es lo que vale. La libertad, entonces, no es c\u00f3moda. Es exigente.<\/p>\n\n\n\n<p>La mala fe<\/p>\n\n\n\n<p>Frente a ese peso, el ser humano suele buscar refugio. Sartre llam\u00f3 mala fe a la actitud de quien intenta escapar de su libertad fingiendo que no la tiene. El que dice \u201cno ten\u00eda opci\u00f3n\u201d, \u201cas\u00ed soy\u201d, \u201cno puedo cambiar\u201d, intenta negar su responsabilidad. Pero \u2014sosten\u00eda Sartre\u2014 siempre hay elecci\u00f3n. Incluso en las circunstancias m\u00e1s duras, el ser humano conserva una libertad interior: la forma en que decide actuar, aceptar, resistir o resignarse. Negar la libertad es negarse a uno mismo.<\/p>\n\n\n\n<p>El otro y la mirada<\/p>\n\n\n\n<p>Sartre tambi\u00e9n reflexion\u00f3 sobre la relaci\u00f3n con los otros. El ser humano no existe aislado: vive bajo la mirada ajena. Y esa mirada puede limitar, juzgar, definir. Su famosa frase \u201cel infierno son los otros\u201d no era una condena al pr\u00f3jimo, sino una reflexi\u00f3n sobre el conflicto entre nuestra libertad y la mirada que nos encierra en una imagen. Queremos ser libres, pero tambi\u00e9n queremos ser reconocidos. Y esa tensi\u00f3n atraviesa la existencia.<\/p>\n\n\n\n<p>La acci\u00f3n y el compromiso<\/p>\n\n\n\n<p>Sartre no se qued\u00f3 en la teor\u00eda. Sosten\u00eda que la libertad exige acci\u00f3n. No basta con pensar: hay que elegir y actuar en el mundo. Por eso defendi\u00f3 el compromiso intelectual y pol\u00edtico. El fil\u00f3sofo \u2014dec\u00eda\u2014 no debe refugiarse en ideas abstractas, sino involucrarse en la realidad. La libertad no es contemplativa. Es pr\u00e1ctica.<\/p>\n\n\n\n<p>Vivir sin guion<\/p>\n\n\n\n<p>En el fondo, la filosof\u00eda de Sartre rompe con una ilusi\u00f3n profunda: la idea de que la vida tiene un guion escrito. No hay esencia previa, ni destino fijo, ni sentido garantizado. El sentido se construye viviendo. Eso puede angustiar. Pero tambi\u00e9n libera. Porque si nada est\u00e1 determinado, todo puede transformarse.&nbsp;&nbsp;El ser humano \u2014seg\u00fan Sartre\u2014 no es lo que le ocurre, sino lo que hace con lo que le ocurre.<\/p>\n\n\n\n<p>La herencia de Sartre<\/p>\n\n\n\n<p>Hoy, en un mundo donde muchas veces buscamos certezas, seguridades, explicaciones externas, la voz de Sartre sigue siendo inc\u00f3moda y necesaria. Nos recuerda que no somos piezas del destino. Que no estamos completamente definidos. Que siempre, incluso en la dificultad, existe un margen de elecci\u00f3n. Y que la libertad no es liviana, pero es profundamente humana. Sartre no prometi\u00f3 tranquilidad. Prometi\u00f3 verdad. La libertad pesa. Pero tambi\u00e9n construye. Porque al final \u2014como escribi\u00f3\u2014 el ser humano no es otra cosa que lo que decide ser.<\/p>\n\n\n\n<p>M.T.<\/p>\n","protected":false},"excerpt":{"rendered":"<p>El fil\u00f3sofo que afirm\u00f3 que el ser humano est\u00e1 condenado a ser libre Hay momentos en la historia del pensamiento en que una idea cae como un rel\u00e1mpago y cambia la forma de entender la existencia. Jean-Paul Sartre fue uno de esos rel\u00e1mpagos. No construy\u00f3 una filosof\u00eda para explicar el mundo, sino para enfrentar una [&hellip;]<\/p>\n","protected":false},"author":1,"featured_media":1000028589,"comment_status":"closed","ping_status":"open","sticky":false,"template":"","format":"standard","meta":{"content-type":"","_jetpack_memberships_contains_paid_content":false,"jnews-multi-image_gallery":[],"jnews_single_post":{"format":"standard"},"jnews_primary_category":[],"footnotes":"","jetpack_publicize_message":"","jetpack_publicize_feature_enabled":true,"jetpack_social_post_already_shared":true,"jetpack_social_options":{"image_generator_settings":{"template":"highway","default_image_id":0,"font":"","enabled":false},"version":2}},"categories":[255],"tags":[],"class_list":{"0":"post-1000028588","1":"post","2":"type-post","3":"status-publish","4":"format-standard","5":"has-post-thumbnail","7":"category-sociales"},"jetpack_publicize_connections":[],"jetpack_featured_media_url":"https:\/\/i0.wp.com\/gazzettinoitalianopatagonico.com\/wp-content\/uploads\/2026\/03\/zxcvvbb.jpg?fit=1200%2C675&ssl=1","jetpack_likes_enabled":true,"jetpack_sharing_enabled":true,"_links":{"self":[{"href":"https:\/\/gazzettinoitalianopatagonico.com\/index.php?rest_route=\/wp\/v2\/posts\/1000028588","targetHints":{"allow":["GET"]}}],"collection":[{"href":"https:\/\/gazzettinoitalianopatagonico.com\/index.php?rest_route=\/wp\/v2\/posts"}],"about":[{"href":"https:\/\/gazzettinoitalianopatagonico.com\/index.php?rest_route=\/wp\/v2\/types\/post"}],"author":[{"embeddable":true,"href":"https:\/\/gazzettinoitalianopatagonico.com\/index.php?rest_route=\/wp\/v2\/users\/1"}],"replies":[{"embeddable":true,"href":"https:\/\/gazzettinoitalianopatagonico.com\/index.php?rest_route=%2Fwp%2Fv2%2Fcomments&post=1000028588"}],"version-history":[{"count":1,"href":"https:\/\/gazzettinoitalianopatagonico.com\/index.php?rest_route=\/wp\/v2\/posts\/1000028588\/revisions"}],"predecessor-version":[{"id":1000028590,"href":"https:\/\/gazzettinoitalianopatagonico.com\/index.php?rest_route=\/wp\/v2\/posts\/1000028588\/revisions\/1000028590"}],"wp:featuredmedia":[{"embeddable":true,"href":"https:\/\/gazzettinoitalianopatagonico.com\/index.php?rest_route=\/wp\/v2\/media\/1000028589"}],"wp:attachment":[{"href":"https:\/\/gazzettinoitalianopatagonico.com\/index.php?rest_route=%2Fwp%2Fv2%2Fmedia&parent=1000028588"}],"wp:term":[{"taxonomy":"category","embeddable":true,"href":"https:\/\/gazzettinoitalianopatagonico.com\/index.php?rest_route=%2Fwp%2Fv2%2Fcategories&post=1000028588"},{"taxonomy":"post_tag","embeddable":true,"href":"https:\/\/gazzettinoitalianopatagonico.com\/index.php?rest_route=%2Fwp%2Fv2%2Ftags&post=1000028588"}],"curies":[{"name":"wp","href":"https:\/\/api.w.org\/{rel}","templated":true}]}}