{"id":1000025856,"date":"2025-12-01T07:55:14","date_gmt":"2025-12-01T10:55:14","guid":{"rendered":"https:\/\/gazzettinoitalianopatagonico.com\/?p=1000025856"},"modified":"2025-12-01T07:55:14","modified_gmt":"2025-12-01T10:55:14","slug":"trump-dichiara-chiuso-lo-spazio-aereo-sul-venezuela-caracas-minaccia-colonialista","status":"publish","type":"post","link":"https:\/\/gazzettinoitalianopatagonico.com\/?p=1000025856","title":{"rendered":"Trump dichiara chiuso lo spazio aereo sul Venezuela. Caracas: \u00abMinaccia colonialista\u00bb"},"content":{"rendered":"\n<p>Donald Trump lancia su Truth un avvertimento a \u00abtutte le compagnie aeree, piloti, spacciatori e trafficanti di esseri umani\u00bb. In un messaggio pubblicato in giornata, il presidente Usa scrive: \u00abVi prego di considerare che lo spazio aereo sul Venezuela sar\u00e0 interamente chiuso\u00bb.<\/p>\n\n\n\n<p>Non usa mezzi termini il tycoon imponendo un nuovo limite nell&#8217;ambito delle tensioni con il Paese sudamericano sul tema del narcotraffico. A tal proposito, il New York Times ha rivelato che Trump ha avuto un colloquio telefonico con il presidente venezuelano Nicolas Maduro, con il quale avrebbe discusso anche l&#8217;ipotesi di un incontro di persona. Caracas, intanto, ha definito la decisione una \u00abminaccia colonialista\u00bb che costituisce \u00abun&#8217;aggressione stravagante, illegale e ingiustificata contro il popolo venezuelano\u00bb.<\/p>\n\n\n\n<p>Anche da Cuba arrivano parole aspre. \u00abCondanniamo l&#8217;annuncio del Governo Usa di chiudere lo spazio aereo Venezuela, un&#8217;azione aggressiva per la quale nessuno Stato ha autorit\u00e0 al di fuori dei propri confini e che dovrebbe suscitare il pi\u00f9 fermo rifiuto da parte della comunit\u00e0 internazionale\u00bb, ha commentato su X&nbsp;&nbsp;ha scritto il ministro degli Esteri di Cuba Bruno Rodriguez Parrilla. \u00abSi tratta di una minaccia estremamente grave al diritto internazionale e di un&#8217;escalation crescente dell&#8217;aggressione militare e della guerra psicologica contro il popolo e il governo del Venezuela, con conseguenze incalcolabili e imprevedibili per la pace, la sicurezza e la stabilit\u00e0 in America Latina e nei Caraibi. Facciamo appello alla comunit\u00e0 internazionale e a tutti i popoli del mondo affinch\u00e9 denuncino il preludio di un attacco illegittimo\u00bb, ha concluso.<\/p>\n\n\n\n<p>We condemn the announcement of the #US Government of closing #Venezuela&#8217;s airspace, an aggressive action for which no State has any authority beyond its borders and which should raise the strongest rejection by the international community.<\/p>\n\n\n\n<p>This is an extremely serious threat&#8230; pic.twitter.com\/HnYDcsaDh8<\/p>\n\n\n\n<p>Nadia Mariani<\/p>\n","protected":false},"excerpt":{"rendered":"<p>Donald Trump lancia su Truth un avvertimento a \u00abtutte le compagnie aeree, piloti, spacciatori e trafficanti di esseri umani\u00bb. In un messaggio pubblicato in giornata, il presidente Usa scrive: \u00abVi prego di considerare che lo spazio aereo sul Venezuela sar\u00e0 interamente chiuso\u00bb. Non usa mezzi termini il tycoon imponendo un nuovo limite nell&#8217;ambito delle tensioni [&hellip;]<\/p>\n","protected":false},"author":1,"featured_media":1000025857,"comment_status":"closed","ping_status":"open","sticky":false,"template":"","format":"standard","meta":{"content-type":"","_jetpack_memberships_contains_paid_content":false,"jnews-multi-image_gallery":[],"jnews_single_post":{"format":"standard"},"jnews_primary_category":[],"footnotes":"","jetpack_publicize_message":"","jetpack_publicize_feature_enabled":true,"jetpack_social_post_already_shared":true,"jetpack_social_options":{"image_generator_settings":{"template":"highway","default_image_id":0,"font":"","enabled":false},"version":2}},"categories":[41],"tags":[],"class_list":{"0":"post-1000025856","1":"post","2":"type-post","3":"status-publish","4":"format-standard","5":"has-post-thumbnail","7":"category-mundo"},"jetpack_publicize_connections":[],"jetpack_featured_media_url":"https:\/\/i0.wp.com\/gazzettinoitalianopatagonico.com\/wp-content\/uploads\/2025\/12\/Imagoeconomica_trump-1024x791-1.jpg?fit=1024%2C791&ssl=1","jetpack_likes_enabled":true,"jetpack_sharing_enabled":true,"_links":{"self":[{"href":"https:\/\/gazzettinoitalianopatagonico.com\/index.php?rest_route=\/wp\/v2\/posts\/1000025856","targetHints":{"allow":["GET"]}}],"collection":[{"href":"https:\/\/gazzettinoitalianopatagonico.com\/index.php?rest_route=\/wp\/v2\/posts"}],"about":[{"href":"https:\/\/gazzettinoitalianopatagonico.com\/index.php?rest_route=\/wp\/v2\/types\/post"}],"author":[{"embeddable":true,"href":"https:\/\/gazzettinoitalianopatagonico.com\/index.php?rest_route=\/wp\/v2\/users\/1"}],"replies":[{"embeddable":true,"href":"https:\/\/gazzettinoitalianopatagonico.com\/index.php?rest_route=%2Fwp%2Fv2%2Fcomments&post=1000025856"}],"version-history":[{"count":1,"href":"https:\/\/gazzettinoitalianopatagonico.com\/index.php?rest_route=\/wp\/v2\/posts\/1000025856\/revisions"}],"predecessor-version":[{"id":1000025858,"href":"https:\/\/gazzettinoitalianopatagonico.com\/index.php?rest_route=\/wp\/v2\/posts\/1000025856\/revisions\/1000025858"}],"wp:featuredmedia":[{"embeddable":true,"href":"https:\/\/gazzettinoitalianopatagonico.com\/index.php?rest_route=\/wp\/v2\/media\/1000025857"}],"wp:attachment":[{"href":"https:\/\/gazzettinoitalianopatagonico.com\/index.php?rest_route=%2Fwp%2Fv2%2Fmedia&parent=1000025856"}],"wp:term":[{"taxonomy":"category","embeddable":true,"href":"https:\/\/gazzettinoitalianopatagonico.com\/index.php?rest_route=%2Fwp%2Fv2%2Fcategories&post=1000025856"},{"taxonomy":"post_tag","embeddable":true,"href":"https:\/\/gazzettinoitalianopatagonico.com\/index.php?rest_route=%2Fwp%2Fv2%2Ftags&post=1000025856"}],"curies":[{"name":"wp","href":"https:\/\/api.w.org\/{rel}","templated":true}]}}