{"id":1000025853,"date":"2025-12-01T07:54:03","date_gmt":"2025-12-01T10:54:03","guid":{"rendered":"https:\/\/gazzettinoitalianopatagonico.com\/?p=1000025853"},"modified":"2025-12-01T07:54:06","modified_gmt":"2025-12-01T10:54:06","slug":"legge-elettorale-schlein-ancora-non-ci-sono-proposte-concrete-ma-no-a-quelle-per-convenienza","status":"publish","type":"post","link":"https:\/\/gazzettinoitalianopatagonico.com\/?p=1000025853","title":{"rendered":"Legge elettorale, Schlein: \u00abAncora non ci sono proposte concrete, ma no a quelle per convenienza\u00bb"},"content":{"rendered":"\n<p>\u00abNon siamo favorevoli a una riforma della legge elettorale che la destra propone oggi per convenienza. Dopodich\u00e9 non ci hanno ancora proposto nulla di concreto. Se lo faranno, come sempre, da forza responsabile noi esamineremo quello che ci propongono. Per\u00f2 i presupposti sono entrambi sbagliati\u00bb. Lo dice la leader del Elly Schlein, intervistata a Piazza Pulita su La7. \u00abUno \u00e8 la paura di perdere, tant&#8217;\u00e8 che l&#8217;hanno rilanciata appena hanno visto che abbiamo vinto le elezioni in Puglia e in Campania. L&#8217;altro presupposto dietro questa proposta \u00e8 il premierato, che \u00e8 una riforma che noi contrastiamo duramente, perch\u00e9 accentra ancora di pi\u00f9 il potere nelle mani di chi guida il governo, a scapito delle prerogative del Parlamento e di quelle del Presidente della Repubblica, che per noi non si toccano\u00bb, aggiunge Schlein.<\/p>\n\n\n\n<p>Emanuele Nuccitelli<\/p>\n","protected":false},"excerpt":{"rendered":"<p>\u00abNon siamo favorevoli a una riforma della legge elettorale che la destra propone oggi per convenienza. Dopodich\u00e9 non ci hanno ancora proposto nulla di concreto. Se lo faranno, come sempre, da forza responsabile noi esamineremo quello che ci propongono. Per\u00f2 i presupposti sono entrambi sbagliati\u00bb. Lo dice la leader del Elly Schlein, intervistata a Piazza [&hellip;]<\/p>\n","protected":false},"author":1,"featured_media":1000025854,"comment_status":"closed","ping_status":"open","sticky":false,"template":"","format":"standard","meta":{"content-type":"","_jetpack_memberships_contains_paid_content":false,"jnews-multi-image_gallery":[],"jnews_single_post":{"format":"standard"},"jnews_primary_category":[],"footnotes":"","jetpack_publicize_message":"","jetpack_publicize_feature_enabled":true,"jetpack_social_post_already_shared":true,"jetpack_social_options":{"image_generator_settings":{"template":"highway","default_image_id":0,"font":"","enabled":false},"version":2}},"categories":[46,32],"tags":[],"class_list":{"0":"post-1000025853","1":"post","2":"type-post","3":"status-publish","4":"format-standard","5":"has-post-thumbnail","7":"category-italia","8":"category-politica"},"jetpack_publicize_connections":[],"jetpack_featured_media_url":"https:\/\/i0.wp.com\/gazzettinoitalianopatagonico.com\/wp-content\/uploads\/2025\/12\/Ellly-Schlein-1024x683-1.jpg?fit=1024%2C683&ssl=1","jetpack_likes_enabled":true,"jetpack_sharing_enabled":true,"_links":{"self":[{"href":"https:\/\/gazzettinoitalianopatagonico.com\/index.php?rest_route=\/wp\/v2\/posts\/1000025853","targetHints":{"allow":["GET"]}}],"collection":[{"href":"https:\/\/gazzettinoitalianopatagonico.com\/index.php?rest_route=\/wp\/v2\/posts"}],"about":[{"href":"https:\/\/gazzettinoitalianopatagonico.com\/index.php?rest_route=\/wp\/v2\/types\/post"}],"author":[{"embeddable":true,"href":"https:\/\/gazzettinoitalianopatagonico.com\/index.php?rest_route=\/wp\/v2\/users\/1"}],"replies":[{"embeddable":true,"href":"https:\/\/gazzettinoitalianopatagonico.com\/index.php?rest_route=%2Fwp%2Fv2%2Fcomments&post=1000025853"}],"version-history":[{"count":1,"href":"https:\/\/gazzettinoitalianopatagonico.com\/index.php?rest_route=\/wp\/v2\/posts\/1000025853\/revisions"}],"predecessor-version":[{"id":1000025855,"href":"https:\/\/gazzettinoitalianopatagonico.com\/index.php?rest_route=\/wp\/v2\/posts\/1000025853\/revisions\/1000025855"}],"wp:featuredmedia":[{"embeddable":true,"href":"https:\/\/gazzettinoitalianopatagonico.com\/index.php?rest_route=\/wp\/v2\/media\/1000025854"}],"wp:attachment":[{"href":"https:\/\/gazzettinoitalianopatagonico.com\/index.php?rest_route=%2Fwp%2Fv2%2Fmedia&parent=1000025853"}],"wp:term":[{"taxonomy":"category","embeddable":true,"href":"https:\/\/gazzettinoitalianopatagonico.com\/index.php?rest_route=%2Fwp%2Fv2%2Fcategories&post=1000025853"},{"taxonomy":"post_tag","embeddable":true,"href":"https:\/\/gazzettinoitalianopatagonico.com\/index.php?rest_route=%2Fwp%2Fv2%2Ftags&post=1000025853"}],"curies":[{"name":"wp","href":"https:\/\/api.w.org\/{rel}","templated":true}]}}