{"id":1000024522,"date":"2025-10-29T08:36:24","date_gmt":"2025-10-29T11:36:24","guid":{"rendered":"https:\/\/gazzettinoitalianopatagonico.com\/?p=1000024522"},"modified":"2025-10-29T08:36:26","modified_gmt":"2025-10-29T11:36:26","slug":"maro-balboni-fdi-presentata-querela-per-diffamazione-a-travaglio-da-latorre","status":"publish","type":"post","link":"https:\/\/gazzettinoitalianopatagonico.com\/?p=1000024522","title":{"rendered":"MARO&#8217;, BALBONI (FDI): PRESENTATA QUERELA PER DIFFAMAZIONE A TRAVAGLIO DA LATORRE"},"content":{"rendered":"\n<p>Il Senatore Avv. Alberto Balboni e l&#8217;Avv. Andrea Ferrari del Foro di Ferrara comunicano che il Sig. Massimiliano Latorre, uno dei due Fucilieri della Marina italiana coinvolti nella nota vicenda del 2012 in cui morirono due pescatori indiani, ha presentato in data odierna denuncia-querela nei confronti del giornalista Marco Travaglio. La querela trae origine dall&#8217;editoriale pubblicato il 30 settembre 2025 sul quotidiano Il Fatto Quotidiano, dal titolo \u00abChe bell&#8217;alleato\u00bb, nel quale il giornalista ha affermato che \u00abidue famosi mar\u00f2 \u2013 scambiandoli per pirati \u2013 hanno ucciso due pescatori indiani\u00bb. L&#8217;espressione \u00abdue famosi mar\u00f2\u00bb non si riferisce a due membri qualunque del Team Sicurezza presente sulla petroliera italiana nel frangente in cui morirono i due pescatori indiani, bens\u00ec a Latorre Massimiliano e Girone Salvatore dei quali a lungo si occuparono tutti i media italiani. Tale affermazione (\u00abi due famosi mar\u00f2 che uccisero i pescatori indiani, scambiandoli per pirati\u00bb), successivamente ripresa dallo stesso Travaglio nel corso della trasmissione televisiva \u00abAccordi e Disaccordi\u00bb andata in onda su Canale 9, \u00e8 stata ritenuta dal sig. Latorre gravemente diffamatoria e contraria al vero, in quanto in palese contrasto con il decreto di archiviazione emesso dal G.I.P. del Tribunale di Roma in data 27 gennaio 2022, provvedimento che ha definitivamente posto fine alla vicenda giudiziaria. Nel suddetto decreto, infatti, il Giudice per le indagini preliminari ha escluso ogni accertamento giudiziario circa l&#8217;effettivo autore dei colpi risultati letali, ha riconosciuto che i due militari si trovavano in una situazione di legittima difesa, almeno putativa, e ha rilevato che, anche nell&#8217;ipotesi di un eccesso colposo nell&#8217;esercizio della scriminante, il relativo reato (omicidio colposo) sarebbe comunque prescritto. La perizia balistica disposta dalle autorit\u00e0 indiane ha evidenziato che i proiettili letali non provenivano dalle armi in dotazione ai due Fucilieri di Marina, bens\u00ec da fucili appartenenti ad altri membri del team di sicurezza imbarcato sulla nave Enrica Lexie. Un accertamento giudiziario su tale circostanza sarebbe inutiliter data in quanto l&#8217;autore o gli autori non perseguibili essendo il reato eventualmente ipotizzabile (omicidio colposo) prescritto. Alla luce di tali risultanze, l&#8217;affermazione del giornalista \u2014 che attribuisce ai \u00abdue famosi mar\u00f2\u00bb la responsabilit\u00e0 diretta dell&#8217;uccisione dei pescatori \u2014 risulta priva di fondamento e oggettivamente lesiva dell&#8217;onore e della reputazione del sig. Latorre. Con la denuncia-querela, il sig. Massimiliano Latorre intende tutelare la propria immagine e ristabilire la verit\u00e0 dei fatti, chiedendo che l&#8217;Autorit\u00e0 Giudiziaria accerti ogni eventuale responsabilit\u00e0 penale derivante dalle dichiarazioni e pubblicazioni sopra richiamate. I difensori, Sen. Avv. Alberto Balboni e Avv. Andrea Ferrari, hanno inoltre evidenziato che la pubblicazione dell&#8217;articolo e la successiva diffusione televisiva hanno arrecato gravi danni morali, reputazionali e patrimoniali al loro assistito, anche in considerazione della particolare eco mediatica che la vicenda continua a suscitare.<\/p>\n","protected":false},"excerpt":{"rendered":"<p>Il Senatore Avv. Alberto Balboni e l&#8217;Avv. Andrea Ferrari del Foro di Ferrara comunicano che il Sig. Massimiliano Latorre, uno dei due Fucilieri della Marina italiana coinvolti nella nota vicenda del 2012 in cui morirono due pescatori indiani, ha presentato in data odierna denuncia-querela nei confronti del giornalista Marco Travaglio. La querela trae origine dall&#8217;editoriale [&hellip;]<\/p>\n","protected":false},"author":1,"featured_media":1000024523,"comment_status":"closed","ping_status":"open","sticky":false,"template":"","format":"standard","meta":{"content-type":"","_jetpack_memberships_contains_paid_content":false,"jnews-multi-image_gallery":[],"jnews_single_post":{"format":"standard"},"jnews_primary_category":[],"footnotes":"","jetpack_publicize_message":"","jetpack_publicize_feature_enabled":true,"jetpack_social_post_already_shared":true,"jetpack_social_options":{"image_generator_settings":{"template":"highway","default_image_id":0,"font":"","enabled":false},"version":2}},"categories":[46,32],"tags":[],"class_list":{"0":"post-1000024522","1":"post","2":"type-post","3":"status-publish","4":"format-standard","5":"has-post-thumbnail","7":"category-italia","8":"category-politica"},"jetpack_publicize_connections":[],"jetpack_featured_media_url":"https:\/\/i0.wp.com\/gazzettinoitalianopatagonico.com\/wp-content\/uploads\/2025\/10\/091257314-7d9f37f0-1f35-4c0f-87a8-82b1d5e4c1e6.jpg?fit=2100%2C1182&ssl=1","jetpack_likes_enabled":true,"jetpack_sharing_enabled":true,"_links":{"self":[{"href":"https:\/\/gazzettinoitalianopatagonico.com\/index.php?rest_route=\/wp\/v2\/posts\/1000024522","targetHints":{"allow":["GET"]}}],"collection":[{"href":"https:\/\/gazzettinoitalianopatagonico.com\/index.php?rest_route=\/wp\/v2\/posts"}],"about":[{"href":"https:\/\/gazzettinoitalianopatagonico.com\/index.php?rest_route=\/wp\/v2\/types\/post"}],"author":[{"embeddable":true,"href":"https:\/\/gazzettinoitalianopatagonico.com\/index.php?rest_route=\/wp\/v2\/users\/1"}],"replies":[{"embeddable":true,"href":"https:\/\/gazzettinoitalianopatagonico.com\/index.php?rest_route=%2Fwp%2Fv2%2Fcomments&post=1000024522"}],"version-history":[{"count":1,"href":"https:\/\/gazzettinoitalianopatagonico.com\/index.php?rest_route=\/wp\/v2\/posts\/1000024522\/revisions"}],"predecessor-version":[{"id":1000024524,"href":"https:\/\/gazzettinoitalianopatagonico.com\/index.php?rest_route=\/wp\/v2\/posts\/1000024522\/revisions\/1000024524"}],"wp:featuredmedia":[{"embeddable":true,"href":"https:\/\/gazzettinoitalianopatagonico.com\/index.php?rest_route=\/wp\/v2\/media\/1000024523"}],"wp:attachment":[{"href":"https:\/\/gazzettinoitalianopatagonico.com\/index.php?rest_route=%2Fwp%2Fv2%2Fmedia&parent=1000024522"}],"wp:term":[{"taxonomy":"category","embeddable":true,"href":"https:\/\/gazzettinoitalianopatagonico.com\/index.php?rest_route=%2Fwp%2Fv2%2Fcategories&post=1000024522"},{"taxonomy":"post_tag","embeddable":true,"href":"https:\/\/gazzettinoitalianopatagonico.com\/index.php?rest_route=%2Fwp%2Fv2%2Ftags&post=1000024522"}],"curies":[{"name":"wp","href":"https:\/\/api.w.org\/{rel}","templated":true}]}}