{"id":1000024520,"date":"2025-10-29T08:31:02","date_gmt":"2025-10-29T11:31:02","guid":{"rendered":"https:\/\/gazzettinoitalianopatagonico.com\/?p=1000024520"},"modified":"2025-10-29T08:31:04","modified_gmt":"2025-10-29T11:31:04","slug":"giustizia-de-priamo-fdi-riforma-attesa-da-quarantanni-e-concretizzata-con-coraggio-dal-governo-meloni","status":"publish","type":"post","link":"https:\/\/gazzettinoitalianopatagonico.com\/?p=1000024520","title":{"rendered":"Giustizia. De Priamo (FdI) : riforma attesa da quarant&#8217;anni e concretizzata con coraggio dal governo Meloni"},"content":{"rendered":"\n<p>\u00abQuesti sono giorni importanti per la storia della Repubblica Italiana, perch\u00e9 il governo Meloni sta per approvare una riforma della giustizia attesa da oltre quarant&#8217;anni anni\u00bb, cosi il senatore di Fratelli d&#8217;Italia Andrea De Priamo, intervenendo in Aula a Palazzo Madama durante la discussione generale sulla riforma per la separazione delle carriere dei magistrati.&nbsp;<\/p>\n\n\n\n<p>\u00abContrariamente a quello che qualcuno vorrebbe far credere, separare le carriere significa riconoscere il vero ruolo del pubblico ministero, essere cio\u00e8 parte del processo e non organo giudiziale. Come diceva Giovanni Falcone, infatti, il Pm non deve avere nessuna parentela col giudice, che deve essere neutrale, non coinvolto e al di sopra delle parti. E noi oggi con coraggio e determinazione portiamo avanti quell&#8217; idea, perch\u00e9 la vera indipendenza nasce dalla limpidezza dei ruoli e dalla chiarezza delle regole, mentre respingiamo con la verit\u00e0 e l&#8217;evidenza dei fatti chi accusa di voler assoggettare la magistratura inquirente al governo. Respingiamo anche i vergognosi riferimenti a Gelli e alla P2 avanzati dagli esponenti del M5s\u00bb. E prosegue: \u00abChi tenta di politicizzare questa riforma, non siamo noi &nbsp;ma le opposizioni che tenteranno senza successo di usare politicamente il prevedibile referendum cercando di strumentalizzare la magistratura. Noi invece siamo convinti che con questa riforma la figura del pubblico ministero sar\u00e0 rafforzata nella sua identit\u00e0 di parte pubblica, al pari della difesa &nbsp;e che il giudice sar\u00e0 messo nelle condizioni di operare con reale terziet\u00e0.&nbsp;<br>Questa riforma non \u00e8 contro la magistratura, non a caso molti giudici la condividono, ed \u00e8 rivolta ai cittadini,&nbsp; nel nome chi ha subito errori giudiziari anche a causa della mancata attuazione del giusto processo, previsto dall&#8217;articolo 111 della Costituzione\u00bb, conclude De Priamo.<\/p>\n","protected":false},"excerpt":{"rendered":"<p>\u00abQuesti sono giorni importanti per la storia della Repubblica Italiana, perch\u00e9 il governo Meloni sta per approvare una riforma della giustizia attesa da oltre quarant&#8217;anni anni\u00bb, cosi il senatore di Fratelli d&#8217;Italia Andrea De Priamo, intervenendo in Aula a Palazzo Madama durante la discussione generale sulla riforma per la separazione delle carriere dei magistrati.&nbsp; \u00abContrariamente [&hellip;]<\/p>\n","protected":false},"author":1,"featured_media":1000015563,"comment_status":"closed","ping_status":"open","sticky":false,"template":"","format":"standard","meta":{"content-type":"","_jetpack_memberships_contains_paid_content":false,"jnews-multi-image_gallery":[],"jnews_single_post":{"format":"standard"},"jnews_primary_category":[],"footnotes":"","jetpack_publicize_message":"","jetpack_publicize_feature_enabled":true,"jetpack_social_post_already_shared":true,"jetpack_social_options":{"image_generator_settings":{"template":"highway","default_image_id":0,"font":"","enabled":false},"version":2}},"categories":[46,32],"tags":[],"class_list":{"0":"post-1000024520","1":"post","2":"type-post","3":"status-publish","4":"format-standard","5":"has-post-thumbnail","7":"category-italia","8":"category-politica"},"jetpack_publicize_connections":[],"jetpack_featured_media_url":"https:\/\/i0.wp.com\/gazzettinoitalianopatagonico.com\/wp-content\/uploads\/2025\/04\/de-priamo.webp?fit=2250%2C1500&ssl=1","jetpack_likes_enabled":true,"jetpack_sharing_enabled":true,"_links":{"self":[{"href":"https:\/\/gazzettinoitalianopatagonico.com\/index.php?rest_route=\/wp\/v2\/posts\/1000024520","targetHints":{"allow":["GET"]}}],"collection":[{"href":"https:\/\/gazzettinoitalianopatagonico.com\/index.php?rest_route=\/wp\/v2\/posts"}],"about":[{"href":"https:\/\/gazzettinoitalianopatagonico.com\/index.php?rest_route=\/wp\/v2\/types\/post"}],"author":[{"embeddable":true,"href":"https:\/\/gazzettinoitalianopatagonico.com\/index.php?rest_route=\/wp\/v2\/users\/1"}],"replies":[{"embeddable":true,"href":"https:\/\/gazzettinoitalianopatagonico.com\/index.php?rest_route=%2Fwp%2Fv2%2Fcomments&post=1000024520"}],"version-history":[{"count":1,"href":"https:\/\/gazzettinoitalianopatagonico.com\/index.php?rest_route=\/wp\/v2\/posts\/1000024520\/revisions"}],"predecessor-version":[{"id":1000024521,"href":"https:\/\/gazzettinoitalianopatagonico.com\/index.php?rest_route=\/wp\/v2\/posts\/1000024520\/revisions\/1000024521"}],"wp:featuredmedia":[{"embeddable":true,"href":"https:\/\/gazzettinoitalianopatagonico.com\/index.php?rest_route=\/wp\/v2\/media\/1000015563"}],"wp:attachment":[{"href":"https:\/\/gazzettinoitalianopatagonico.com\/index.php?rest_route=%2Fwp%2Fv2%2Fmedia&parent=1000024520"}],"wp:term":[{"taxonomy":"category","embeddable":true,"href":"https:\/\/gazzettinoitalianopatagonico.com\/index.php?rest_route=%2Fwp%2Fv2%2Fcategories&post=1000024520"},{"taxonomy":"post_tag","embeddable":true,"href":"https:\/\/gazzettinoitalianopatagonico.com\/index.php?rest_route=%2Fwp%2Fv2%2Ftags&post=1000024520"}],"curies":[{"name":"wp","href":"https:\/\/api.w.org\/{rel}","templated":true}]}}