{"id":1000024499,"date":"2025-10-28T14:00:34","date_gmt":"2025-10-28T17:00:34","guid":{"rendered":"https:\/\/gazzettinoitalianopatagonico.com\/?p=1000024499"},"modified":"2025-10-28T14:00:36","modified_gmt":"2025-10-28T17:00:36","slug":"salvini-vede-orban-criticano-le-politiche-suicide-dellue","status":"publish","type":"post","link":"https:\/\/gazzettinoitalianopatagonico.com\/?p=1000024499","title":{"rendered":"Salvini vede Orban, criticano \u00able politiche suicide dell&#8217;Ue\u00bb"},"content":{"rendered":"\n<p>\u00ab\u00c8 durato un&#8217;ora l&#8217;affettuoso incontro al Mit tra Matteo Salvini e Viktor Orb\u00dfn. \u00c8 stata l&#8217;occasione per fare il punto sulla situazione internazionale, con riferimento alle infrastrutture e agli equilibri geopolitici. Sono stati affrontati altri temi come la pace, la dura critica al green deal e alle politiche suicide dell&#8217;Unione europea. Massima sintonia sul contrasto all&#8217;immigrazione clandestina\u00bb. Lo rende noto l&#8217;ufficio stampa di Matteo Salvini, che informa: \u00abSalvini e Orb\u00dfn si sono soffermati davanti al plastico del Ponte sullo Stretto, collocato all&#8217;ingresso del ministero: \u00e8 un&#8217;opera che crea aspettative e curiosit\u00e0 anche a livello internazionale. Salvini lo ha invitato all&#8217;avvio dei cantieri\u00bb.<\/p>\n\n\n\n<p>Antonio Bravetti<\/p>\n","protected":false},"excerpt":{"rendered":"<p>\u00ab\u00c8 durato un&#8217;ora l&#8217;affettuoso incontro al Mit tra Matteo Salvini e Viktor Orb\u00dfn. \u00c8 stata l&#8217;occasione per fare il punto sulla situazione internazionale, con riferimento alle infrastrutture e agli equilibri geopolitici. Sono stati affrontati altri temi come la pace, la dura critica al green deal e alle politiche suicide dell&#8217;Unione europea. Massima sintonia sul contrasto [&hellip;]<\/p>\n","protected":false},"author":1,"featured_media":1000024500,"comment_status":"closed","ping_status":"open","sticky":false,"template":"","format":"standard","meta":{"content-type":"","_jetpack_memberships_contains_paid_content":false,"jnews-multi-image_gallery":[],"jnews_single_post":{"format":"standard"},"jnews_primary_category":[],"footnotes":"","jetpack_publicize_message":"","jetpack_publicize_feature_enabled":true,"jetpack_social_post_already_shared":true,"jetpack_social_options":{"image_generator_settings":{"template":"highway","default_image_id":0,"font":"","enabled":false},"version":2}},"categories":[46,32],"tags":[],"class_list":{"0":"post-1000024499","1":"post","2":"type-post","3":"status-publish","4":"format-standard","5":"has-post-thumbnail","7":"category-italia","8":"category-politica"},"jetpack_publicize_connections":[],"jetpack_featured_media_url":"https:\/\/i0.wp.com\/gazzettinoitalianopatagonico.com\/wp-content\/uploads\/2025\/10\/FOTO-A-2-SITO20-1024x576-1.jpg?fit=1024%2C576&ssl=1","jetpack_likes_enabled":true,"jetpack_sharing_enabled":true,"_links":{"self":[{"href":"https:\/\/gazzettinoitalianopatagonico.com\/index.php?rest_route=\/wp\/v2\/posts\/1000024499","targetHints":{"allow":["GET"]}}],"collection":[{"href":"https:\/\/gazzettinoitalianopatagonico.com\/index.php?rest_route=\/wp\/v2\/posts"}],"about":[{"href":"https:\/\/gazzettinoitalianopatagonico.com\/index.php?rest_route=\/wp\/v2\/types\/post"}],"author":[{"embeddable":true,"href":"https:\/\/gazzettinoitalianopatagonico.com\/index.php?rest_route=\/wp\/v2\/users\/1"}],"replies":[{"embeddable":true,"href":"https:\/\/gazzettinoitalianopatagonico.com\/index.php?rest_route=%2Fwp%2Fv2%2Fcomments&post=1000024499"}],"version-history":[{"count":1,"href":"https:\/\/gazzettinoitalianopatagonico.com\/index.php?rest_route=\/wp\/v2\/posts\/1000024499\/revisions"}],"predecessor-version":[{"id":1000024501,"href":"https:\/\/gazzettinoitalianopatagonico.com\/index.php?rest_route=\/wp\/v2\/posts\/1000024499\/revisions\/1000024501"}],"wp:featuredmedia":[{"embeddable":true,"href":"https:\/\/gazzettinoitalianopatagonico.com\/index.php?rest_route=\/wp\/v2\/media\/1000024500"}],"wp:attachment":[{"href":"https:\/\/gazzettinoitalianopatagonico.com\/index.php?rest_route=%2Fwp%2Fv2%2Fmedia&parent=1000024499"}],"wp:term":[{"taxonomy":"category","embeddable":true,"href":"https:\/\/gazzettinoitalianopatagonico.com\/index.php?rest_route=%2Fwp%2Fv2%2Fcategories&post=1000024499"},{"taxonomy":"post_tag","embeddable":true,"href":"https:\/\/gazzettinoitalianopatagonico.com\/index.php?rest_route=%2Fwp%2Fv2%2Ftags&post=1000024499"}],"curies":[{"name":"wp","href":"https:\/\/api.w.org\/{rel}","templated":true}]}}