{"id":1000024496,"date":"2025-10-28T13:55:22","date_gmt":"2025-10-28T16:55:22","guid":{"rendered":"https:\/\/gazzettinoitalianopatagonico.com\/?p=1000024496"},"modified":"2025-10-28T13:55:25","modified_gmt":"2025-10-28T16:55:25","slug":"ucraina-missione-romana-di-mister-veto-orban-leuropa-e-fuori-dai-giochi","status":"publish","type":"post","link":"https:\/\/gazzettinoitalianopatagonico.com\/?p=1000024496","title":{"rendered":"Ucraina, missione romana di &#8216;Mister Veto&#8217; Orb\u00e0n: \u00abL&#8217;Europa \u00e8 fuori dai giochi\u00bb"},"content":{"rendered":"\n<p>Con la visita di oggi pomeriggio, luned\u00ec 27 ottobre, a Palazzo Chigi con la premier Giorgia Meloni si \u00e8 chiusa la missione in Vaticano poi a Roma del premier ungherese Victor Orb\u00e0n. Il leader dei Magiari, prima di lasciare l&#8217;Italia, alle dichiarazioni ufficiali dei comunicati stampa istituzionali, aggiunge qualche battuta- che non risparmia l&#8217;Europa- sui temi d&#8217;attualit\u00e0 scambiata con i cronisti, all&#8217;uscita dell&#8217;hotel. Ecco il riassunto della giornata di Orban a Roma.<\/p>\n\n\n\n<p>LEONE XIV RICEVE ORBAN, DISCUSSE LE QUESTIONI \u00abUE\u00bb E \u00abUCRAINA\u00bb<\/p>\n\n\n\n<p>\u00abAmpio spazio\u00bb \u00e8 stato riservato \u00aballe questioni europee, con particolare attenzione al conflitto in Ucraina, e alla situazione in Medio Oriente\u00bb: cos\u00ec la Santa sede, in una nota diffusa al termine dei colloqui in Vaticano del primo ministro di Ungheria, Viktor Orban. Il capo di governo \u00e8 stato ricevuto da papa Leone XIV e poi dal segretario di Stato, il cardinale Pietro Parolin, e da monsignor Paul Richard Gallagher, segretario per i Rapporti con gli Stati e le organizzazioni internazionali. Nella nota si legge anche: \u00abNel corso del cordiale colloquio in segreteria di Stato sono state sottolineate le solide relazioni bilaterali e l&#8217;apprezzamento per l&#8217;impegno della Chiesa cattolica nel promuovere lo sviluppo sociale e il benessere della comunit\u00e0 ungherese, con particolare attenzione al ruolo della famiglia, alla formazione e al futuro dei giovani, nonch\u00e9 all&#8217;importanza della tutela delle comunit\u00e0 cristiane pi\u00f9 vulnerabili\u00bb.<\/p>\n\n\n\n<p>DURO CON UE E I DAZI DI TRUMP ALLA RUSSIA: LO SCAMBIO CON I CRONISTI FUORI DALL&#8217;HOTEL<\/p>\n\n\n\n<p>Di fronte all&#8217;Hotel della Minerva, tra il vertice in Vaticano e quello a Palazzo Chigi, il presidente ungherese si allontana dalla scorta per rispondere alle domande dei cronisti di Messaggero e Repubblica che lo attendono fuori dall&#8217;ingresso. Le domande toccano i temi dell&#8217;attualit\u00e0, la guerra in Ucraina e il ruolo dell&#8217;Europa, i dazi di Trump al gas russo e solamente Trump. Di fatto, Orban \u00e8 molto preoccupato per le sanzioni Usa imposte alle principali aziende energetiche russe e anticipa che andr\u00e0 presto a Washington proprio per parlarne con Trump. \u00abStiamo ragionando su come costruire un sistema&nbsp;&nbsp;sostenibile per l&#8217;economia ungherese, perch\u00e9 l&#8217;Ungheria dipende moltissimo dal petrolio e dal gas russo. E senza di loro, i prezzi dell&#8217;energia andranno alle stelle, provocando delle carenze nelle nostre scorte\u00bb, spiega infatti ai cronisti che gli chiedono cosa pensi dei dazi Usa. Imposte che \u00abdal punto di vista ungherese sono un errore- aggiunge- e dunque cercheremo di trovare una via d&#8217;uscita, soprattutto per l&#8217;Ungheria\u00bb.<\/p>\n\n\n\n<p>\u00abEUROPA HA APPALTATO AD AMERICANI E RUSSI LA RISOLUZIONE DEL CONFLITTO IN UCRAINA\u00bb<\/p>\n\n\n\n<p>A poche ore dall&#8217;incontro con la premier Meloni, Orban anticipa quindi che \u00abil punto pi\u00f9 importante della discussione\u00bb tra i due \u00ab\u00e8 il futuro dell&#8217;economia europea, perch\u00e9 sulla guerra in Ucraina resta ben poco da fare\u00bb. \u00c8 il momento della strigliata forte all&#8217;Ue: \u00abAbbiamo appaltato agli americani e ai russi la possibilit\u00e0 di risolvere questa guerra. Purtroppo, non abbiamo un ruolo. L&#8217;Europa \u00e8 totalmente fuori dai giochi\u00bb. \u00e8 la sentenza. Insomma, l&#8217;Ue non ha voce in capitolo e non solo sulla questione Ucraina, ma anche \u00absul futuro della costruzione della sua sicurezza e sui futuri rapporti tra russi e ucraini- prosegue- Quindi c&#8217;\u00e8 ben poco da discutere su questo fronte\u00bb. Tra i leader d&#8217;Italia e Ungheria non \u00e8 che per\u00f2 manchino temi sul tavolo: \u00abL&#8217;economia \u00e8 il piatto forte- spiega il leader ungherese- Il principale problema \u00e8 la perdita di competitivit\u00e0 dell&#8217;economia europea. In particolare, la transizione green e le decisioni sul tavolo dell&#8217;Unione, la cosiddetta Ets2 (la direttiva sulle emissioni, ndr), che aumenteranno il prezzo dell&#8217;energia per chi ha una casa, per chi possiede un&#8217;auto. Insomma, per la nostra gente. E poi dobbiamo lavorare per rendere pi\u00f9 competitive l&#8217;economia di Italia e Ungheria\u00bb. Infine, c&#8217;\u00e8 un&#8217;ultima domanda, che tocca i rapporti tra i due Paesi, ovvero la questione Ilaria Salis: \u00abChiederete ancora il carcere per l&#8217;eurodeputata italiana?\u00bb. Domanda arrivata troppo tardi, Orban ha gi\u00e0 imboccato l&#8217;atrio dell&#8217;hotel.<\/p>\n\n\n\n<p>L&#8217;INCONTRO CON LA PREMIER MELONI<\/p>\n\n\n\n<p>Il premier ungherese Viktor Orb\u00e1n ha lasciato Palazzo Chigi al termine dell&#8217;incontro con la presidente del Consiglio, Giorgia Meloni. La visita \u00e8 durata circa un&#8217;ora. Il colloquio \u2013 si legge in una nota di palazzo Chigi \u2013 ha consentito di mettere a fuoco le prospettive delle relazioni bilaterali e di avere uno scambio di vedute sui principali temi dell&#8217;attualit\u00e0 internazionale, con particolare riferimento alla situazione in Ucraina, agli sviluppi in Medio Oriente e all&#8217;agenda europea. Tra i temi affrontati, anche le iniziative per una gestione efficace e innovativa dei flussi migratori. I due leader hanno infine discusso delle opportunit\u00e0 offerte dallo strumento europeo SAFE, valutando possibili sinergie tra Italia e Ungheria a sostegno delle rispettive capacit\u00e0 industriali e tecnologiche.<\/p>\n\n\n\n<p>FLASH MOB CONTRO ORBAN, MAGI: BURATTINO DI PUTIN A CHIGI<\/p>\n\n\n\n<p>\u00abMentre Meloni lo accoglie a Palazzo Chigi, noi ricordiamo chi \u00e8 davvero: il burattino di Putin, il simbolo della democrazia illiberale, l&#8217;uomo che usa i soldi europei per distruggere la libert\u00e0 in Ungheria. Questa non \u00e8 la nostra Europa. La nostra \u00e8 quella della democrazia, dello Stato di diritto, della libert\u00e0. Mettiamo il veto a Orb\u00e1n\u00bb. Lo scrive sui social il segretario di +Europa Riccardo Magi, rilanciando le immagini del flashmob di oggi mentre il presidente ungherese arrivava a Palazzo Chigi.<\/p>\n\n\n\n<p>TAJANI: \u00abORBAN? IL GOVERNO PARLA ANCHE CON CHI HA IDEE DIVERSE\u00bb<\/p>\n\n\n\n<p>\u00abOrban? Non mi pare che Meloni segua gli altri, ha le sue idee&#8230; Che faccio io non parlo con il ministro degli Esteri ungherese? Non parlo con chi la pensa diversamente da me? Andiamo al Consiglio europeo e parlo con tutti, anche con chi ha idee diverse dalle mie&#8230; Allora il papa che fa, non deve incontrare nessuno? La democrazia \u00e8 fatta soprattutto di dialogo, confronto. Non \u00e8 che Meloni non incontra qualcuno perch\u00e9 non le piace come la pensa&#8230;\u00bb. Cos\u00ec il leader di Fi, Antonio Tajani risponde a chi gli chiede che ne pensa delle parole di Orban sull&#8217;Europa, a margine di un convegno del partito azzurro sulla disabilit\u00e0.<\/p>\n\n\n\n<p>Michele Occhipinti<\/p>\n","protected":false},"excerpt":{"rendered":"<p>Con la visita di oggi pomeriggio, luned\u00ec 27 ottobre, a Palazzo Chigi con la premier Giorgia Meloni si \u00e8 chiusa la missione in Vaticano poi a Roma del premier ungherese Victor Orb\u00e0n. Il leader dei Magiari, prima di lasciare l&#8217;Italia, alle dichiarazioni ufficiali dei comunicati stampa istituzionali, aggiunge qualche battuta- che non risparmia l&#8217;Europa- sui [&hellip;]<\/p>\n","protected":false},"author":1,"featured_media":1000024497,"comment_status":"closed","ping_status":"open","sticky":false,"template":"","format":"standard","meta":{"content-type":"","_jetpack_memberships_contains_paid_content":false,"jnews-multi-image_gallery":[],"jnews_single_post":{"format":"standard"},"jnews_primary_category":[],"footnotes":"","jetpack_publicize_message":"","jetpack_publicize_feature_enabled":true,"jetpack_social_post_already_shared":true,"jetpack_social_options":{"image_generator_settings":{"template":"highway","default_image_id":0,"font":"","enabled":false},"version":2}},"categories":[46,32],"tags":[],"class_list":{"0":"post-1000024496","1":"post","2":"type-post","3":"status-publish","4":"format-standard","5":"has-post-thumbnail","7":"category-italia","8":"category-politica"},"jetpack_publicize_connections":[],"jetpack_featured_media_url":"https:\/\/i0.wp.com\/gazzettinoitalianopatagonico.com\/wp-content\/uploads\/2025\/10\/orban-papa-e-meloni-1024x576-1.jpg?fit=1024%2C576&ssl=1","jetpack_likes_enabled":true,"jetpack_sharing_enabled":true,"_links":{"self":[{"href":"https:\/\/gazzettinoitalianopatagonico.com\/index.php?rest_route=\/wp\/v2\/posts\/1000024496","targetHints":{"allow":["GET"]}}],"collection":[{"href":"https:\/\/gazzettinoitalianopatagonico.com\/index.php?rest_route=\/wp\/v2\/posts"}],"about":[{"href":"https:\/\/gazzettinoitalianopatagonico.com\/index.php?rest_route=\/wp\/v2\/types\/post"}],"author":[{"embeddable":true,"href":"https:\/\/gazzettinoitalianopatagonico.com\/index.php?rest_route=\/wp\/v2\/users\/1"}],"replies":[{"embeddable":true,"href":"https:\/\/gazzettinoitalianopatagonico.com\/index.php?rest_route=%2Fwp%2Fv2%2Fcomments&post=1000024496"}],"version-history":[{"count":1,"href":"https:\/\/gazzettinoitalianopatagonico.com\/index.php?rest_route=\/wp\/v2\/posts\/1000024496\/revisions"}],"predecessor-version":[{"id":1000024498,"href":"https:\/\/gazzettinoitalianopatagonico.com\/index.php?rest_route=\/wp\/v2\/posts\/1000024496\/revisions\/1000024498"}],"wp:featuredmedia":[{"embeddable":true,"href":"https:\/\/gazzettinoitalianopatagonico.com\/index.php?rest_route=\/wp\/v2\/media\/1000024497"}],"wp:attachment":[{"href":"https:\/\/gazzettinoitalianopatagonico.com\/index.php?rest_route=%2Fwp%2Fv2%2Fmedia&parent=1000024496"}],"wp:term":[{"taxonomy":"category","embeddable":true,"href":"https:\/\/gazzettinoitalianopatagonico.com\/index.php?rest_route=%2Fwp%2Fv2%2Fcategories&post=1000024496"},{"taxonomy":"post_tag","embeddable":true,"href":"https:\/\/gazzettinoitalianopatagonico.com\/index.php?rest_route=%2Fwp%2Fv2%2Ftags&post=1000024496"}],"curies":[{"name":"wp","href":"https:\/\/api.w.org\/{rel}","templated":true}]}}