{"id":1000024484,"date":"2025-10-28T13:51:33","date_gmt":"2025-10-28T16:51:33","guid":{"rendered":"https:\/\/gazzettinoitalianopatagonico.com\/?p=1000024484"},"modified":"2025-10-28T13:51:35","modified_gmt":"2025-10-28T16:51:35","slug":"el-fasher-en-manos-de-los-paramilitares-ejecuciones-sumarias","status":"publish","type":"post","link":"https:\/\/gazzettinoitalianopatagonico.com\/?p=1000024484","title":{"rendered":"El Fasher en manos de los paramilitares: ejecuciones sumarias"},"content":{"rendered":"\n<p>El Fasher ha ca\u00eddo y, por razones de seguridad, el ej\u00e9rcito se ha retirado de la ciudad hacia zonas seguras: con estas pocas palabras, anoche el presidente del Consejo Soberano, Abdel Fattah Al Burhan, confirm\u00f3 la toma de la capital de Darfur del Norte por parte de los paramilitares, el \u00faltimo basti\u00f3n de libertad ca\u00eddo junto con Bara, en Kordof\u00e1n del Norte. \u00abLos criminales \u2013 dijo Al Burhan \u2013 ser\u00e1n considerados responsables. Sud\u00e1n resurgir\u00e1 gracias a la fuerza de su pueblo y a la unidad de sus tropas\u00bb.<\/p>\n\n\n\n<p>Un asedio de m\u00e1s de un a\u00f1o<\/p>\n\n\n\n<p>Desde el a\u00f1o pasado, El Fasher estaba sitiada por las Fuerzas paramilitares de apoyo r\u00e1pido (RSF), dirigidas por el general Mohamed Hamdan Dagalo, acusadas de utilizar mercenarios procedentes de Sud\u00e1n del Sur y de Colombia armados con drones y artiller\u00eda pesada. Las milicias habr\u00edan saqueado todos los hospitales, provocando el colapso del sistema sanitario: la denuncia de la Red de m\u00e9dicos sudaneses fue confirmada por M\u00e9dicos Sin Fronteras, que opera en Tawila, a unos sesenta kil\u00f3metros al suroeste.<\/p>\n\n\n\n<p>Alerta de las Naciones Unidas<\/p>\n\n\n\n<p>El Alto Comisionado de la ONU para los Derechos Humanos lanza una advertencia sobre el riesgo de hambruna en el pa\u00eds, pero sobre todo sobre el peligro de ejecuciones sumarias por motivos \u00e9tnicos, que ya se estar\u00edan produciendo en la zona, donde por el momento es imposible calcular el n\u00famero de v\u00edctimas civiles.&nbsp;&nbsp;\u00abRecuerdo a los combatientes de las RSF sus obligaciones en virtud del derecho internacional \u2013 declar\u00f3 el Alto Comisionado Volker T\u00fcrk \u2013 y que garantizar la protecci\u00f3n de los civiles y el paso de suministros esenciales y de la asistencia humanitaria, es algo que hace apenas unos d\u00edas se comprometieron p\u00fablicamente a respetar\u00bb.<\/p>\n\n\n\n<p>Roberta Barbi<\/p>\n","protected":false},"excerpt":{"rendered":"<p>El Fasher ha ca\u00eddo y, por razones de seguridad, el ej\u00e9rcito se ha retirado de la ciudad hacia zonas seguras: con estas pocas palabras, anoche el presidente del Consejo Soberano, Abdel Fattah Al Burhan, confirm\u00f3 la toma de la capital de Darfur del Norte por parte de los paramilitares, el \u00faltimo basti\u00f3n de libertad ca\u00eddo [&hellip;]<\/p>\n","protected":false},"author":1,"featured_media":1000024485,"comment_status":"closed","ping_status":"open","sticky":false,"template":"","format":"standard","meta":{"content-type":"","_jetpack_memberships_contains_paid_content":false,"jnews-multi-image_gallery":[],"jnews_single_post":{"format":"standard"},"jnews_primary_category":[],"footnotes":"","jetpack_publicize_message":"","jetpack_publicize_feature_enabled":true,"jetpack_social_post_already_shared":true,"jetpack_social_options":{"image_generator_settings":{"template":"highway","default_image_id":0,"font":"","enabled":false},"version":2}},"categories":[41],"tags":[],"class_list":{"0":"post-1000024484","1":"post","2":"type-post","3":"status-publish","4":"format-standard","5":"has-post-thumbnail","7":"category-mundo"},"jetpack_publicize_connections":[],"jetpack_featured_media_url":"https:\/\/i0.wp.com\/gazzettinoitalianopatagonico.com\/wp-content\/uploads\/2025\/10\/cq5dam.thumbnail.cropped.750.422-7.jpeg?fit=750%2C422&ssl=1","jetpack_likes_enabled":true,"jetpack_sharing_enabled":true,"_links":{"self":[{"href":"https:\/\/gazzettinoitalianopatagonico.com\/index.php?rest_route=\/wp\/v2\/posts\/1000024484","targetHints":{"allow":["GET"]}}],"collection":[{"href":"https:\/\/gazzettinoitalianopatagonico.com\/index.php?rest_route=\/wp\/v2\/posts"}],"about":[{"href":"https:\/\/gazzettinoitalianopatagonico.com\/index.php?rest_route=\/wp\/v2\/types\/post"}],"author":[{"embeddable":true,"href":"https:\/\/gazzettinoitalianopatagonico.com\/index.php?rest_route=\/wp\/v2\/users\/1"}],"replies":[{"embeddable":true,"href":"https:\/\/gazzettinoitalianopatagonico.com\/index.php?rest_route=%2Fwp%2Fv2%2Fcomments&post=1000024484"}],"version-history":[{"count":1,"href":"https:\/\/gazzettinoitalianopatagonico.com\/index.php?rest_route=\/wp\/v2\/posts\/1000024484\/revisions"}],"predecessor-version":[{"id":1000024486,"href":"https:\/\/gazzettinoitalianopatagonico.com\/index.php?rest_route=\/wp\/v2\/posts\/1000024484\/revisions\/1000024486"}],"wp:featuredmedia":[{"embeddable":true,"href":"https:\/\/gazzettinoitalianopatagonico.com\/index.php?rest_route=\/wp\/v2\/media\/1000024485"}],"wp:attachment":[{"href":"https:\/\/gazzettinoitalianopatagonico.com\/index.php?rest_route=%2Fwp%2Fv2%2Fmedia&parent=1000024484"}],"wp:term":[{"taxonomy":"category","embeddable":true,"href":"https:\/\/gazzettinoitalianopatagonico.com\/index.php?rest_route=%2Fwp%2Fv2%2Fcategories&post=1000024484"},{"taxonomy":"post_tag","embeddable":true,"href":"https:\/\/gazzettinoitalianopatagonico.com\/index.php?rest_route=%2Fwp%2Fv2%2Ftags&post=1000024484"}],"curies":[{"name":"wp","href":"https:\/\/api.w.org\/{rel}","templated":true}]}}