{"id":1000024481,"date":"2025-10-28T13:50:36","date_gmt":"2025-10-28T16:50:36","guid":{"rendered":"https:\/\/gazzettinoitalianopatagonico.com\/?p=1000024481"},"modified":"2025-10-28T13:50:37","modified_gmt":"2025-10-28T16:50:37","slug":"acnur-y-oim-inaceptable-matanza-de-migrantes-en-el-mediterraneo","status":"publish","type":"post","link":"https:\/\/gazzettinoitalianopatagonico.com\/?p=1000024481","title":{"rendered":"ACNUR y OIM: inaceptable matanza de migrantes en el Mediterr\u00e1neo"},"content":{"rendered":"\n<p>ACNUR, la Agencia de la ONU para los refugiados, expresa consternaci\u00f3n y profunda tristeza por la tr\u00e1gica y evitable p\u00e9rdida de unas ochenta vidas humanas en el mar, entre ellas las de algunos refugiados, en varios incidentes ocurridos frente a las costas del norte de \u00c1frica en los \u00faltimos d\u00edas. Las tragedias se produjeron cuando algunas embarcaciones que partieron de T\u00fanez y Libia tuvieron dificultades frente a las costas tunecinas.<\/p>\n\n\n\n<p>Pol\u00edticas y recursos insuficientes<\/p>\n\n\n\n<p>Este a\u00f1o, se\u00f1ala la Agencia, m\u00e1s de 1.600 personas han muerto o desaparecido en las rutas del Mediterr\u00e1neo y de \u00c1frica occidental, tras las 3.530 del a\u00f1o pasado. Pero el compromiso internacional para reforzar la capacidad de b\u00fasqueda y rescate con el fin de evitar estas tragedias sigue siendo totalmente insuficiente. ACNUR lleva tiempo pidiendo m\u00e1s recursos, un compromiso internacional m\u00e1s s\u00f3lido y la creaci\u00f3n de v\u00edas seguras y regulares para quienes huyen de guerras y persecuciones.<\/p>\n\n\n\n<p>La trampa libia<\/p>\n\n\n\n<p>Libia sigue siendo el pa\u00eds del norte de \u00c1frica m\u00e1s peligroso para los migrantes. As\u00ed lo declar\u00f3 Amy Pope, directora general de la Organizaci\u00f3n Internacional para las Migraciones (OIM), en una entrevista concedida al semanario Arab Weekly, editado en Londres y especializado en pol\u00edtica y sociedad del mundo \u00e1rabe. \u00abRecibimos regularmente informes de migrantes secuestrados, detenidos para pedir rescate, sometidos a abusos y violencia en Libia\u00bb, afirm\u00f3 Pope. La responsable de la OIM explic\u00f3 que la mayor\u00eda de los migrantes que murieron en el Mediterr\u00e1neo hab\u00edan partido desde Libia. Seg\u00fan los datos de las autoridades libias, en el pa\u00eds hay hasta cuatro millones de migrantes irregulares. Una multitud que ha aumentado tambi\u00e9n a causa de la intensificaci\u00f3n de los esfuerzos europeos para limitar los flujos migratorios. La directora de la OIM tambi\u00e9n vincul\u00f3 el agravamiento de la crisis migratoria con el conflicto en Sud\u00e1n, estallado en el 2023, que oblig\u00f3 a millones de personas a huir. Seg\u00fan los datos del Alto Comisionado de la ONU para los Refugiados, m\u00e1s de trescientos cincuenta y siete mil sudaneses han llegado a Libia desde abril del 2023 hasta agosto de este a\u00f1o.<\/p>\n\n\n\n<p>Muchas salidas desde T\u00fanez<\/p>\n\n\n\n<p>La OIM llama tambi\u00e9n la atenci\u00f3n sobre T\u00fanez, otro punto de partida de los flujos migratorios hacia Europa. Las salidas desde el pa\u00eds han disminuido tras el acuerdo de doscientos noventa millones de d\u00f3lares firmado con la Uni\u00f3n Europea en el 2023, pero miles de personas siguen bloqueadas sin otra perspectiva que intentar igualmente la traves\u00eda. Y fue precisamente desde T\u00fanez desde donde zarp\u00f3 la embarcaci\u00f3n hundida el pasado mi\u00e9rcoles con setenta personas a bordo. Los treinta supervivientes, procedentes principalmente de Camer\u00fan, Costa de Marfil y Guinea, fueron rescatados por la Guardia Costera tunecina. Otra embarcaci\u00f3n que parti\u00f3 de Zouara, en el oeste de Libia, con setenta y dos personas a bordo, se hundi\u00f3 frente a las costas tunecinas y cuarenta personas murieron. Seg\u00fan relataron los treinta y dos supervivientes, en la embarcaci\u00f3n viajaban refugiados y migrantes procedentes de Yemen, Banglad\u00e9s, Ghana, Pakist\u00e1n, Sierra Leona, Gambia y Guinea.<\/p>\n\n\n\n<p>Nuevos desembarcos en Cerde\u00f1a<\/p>\n\n\n\n<p>Como prueba de la intensidad de los flujos a trav\u00e9s del Mediterr\u00e1neo, se registr\u00f3 una nueva ola de desembarcos a lo largo de las costas del sur de Cerde\u00f1a, con setenta y seis migrantes llegados entre la noche del s\u00e1bado y la ma\u00f1ana del domingo a varios puntos del litoral. Todos estos migrantes, en buen estado de salud, fueron trasladados al centro de acogida sardo de Monastir para los procedimientos de identificaci\u00f3n y asistencia. Otros ciento seis migrantes llegaron a Lampedusa tras dos operaciones de rescate. Las patrulleras de Frontex interceptaron un barco que hab\u00eda partido de Zouara, en Libia, con noventa y seis personas de nacionalidad banglades\u00ed, egipcia, marroqu\u00ed y siria, y una embarcaci\u00f3n de seis metros que zarp\u00f3 de Jebiniana, en T\u00fanez, con diez migrantes originarios de Sud\u00e1n y Chad.<\/p>\n\n\n\n<p>Stefano Leszczynski<\/p>\n","protected":false},"excerpt":{"rendered":"<p>ACNUR, la Agencia de la ONU para los refugiados, expresa consternaci\u00f3n y profunda tristeza por la tr\u00e1gica y evitable p\u00e9rdida de unas ochenta vidas humanas en el mar, entre ellas las de algunos refugiados, en varios incidentes ocurridos frente a las costas del norte de \u00c1frica en los \u00faltimos d\u00edas. Las tragedias se produjeron cuando [&hellip;]<\/p>\n","protected":false},"author":1,"featured_media":1000024482,"comment_status":"closed","ping_status":"open","sticky":false,"template":"","format":"standard","meta":{"content-type":"","_jetpack_memberships_contains_paid_content":false,"jnews-multi-image_gallery":[],"jnews_single_post":{"format":"standard"},"jnews_primary_category":[],"footnotes":"","jetpack_publicize_message":"","jetpack_publicize_feature_enabled":true,"jetpack_social_post_already_shared":true,"jetpack_social_options":{"image_generator_settings":{"template":"highway","default_image_id":0,"font":"","enabled":false},"version":2}},"categories":[41],"tags":[],"class_list":{"0":"post-1000024481","1":"post","2":"type-post","3":"status-publish","4":"format-standard","5":"has-post-thumbnail","7":"category-mundo"},"jetpack_publicize_connections":[],"jetpack_featured_media_url":"https:\/\/i0.wp.com\/gazzettinoitalianopatagonico.com\/wp-content\/uploads\/2025\/10\/cq5dam.thumbnail.cropped.750.422-1-4.jpeg?fit=750%2C422&ssl=1","jetpack_likes_enabled":true,"jetpack_sharing_enabled":true,"_links":{"self":[{"href":"https:\/\/gazzettinoitalianopatagonico.com\/index.php?rest_route=\/wp\/v2\/posts\/1000024481","targetHints":{"allow":["GET"]}}],"collection":[{"href":"https:\/\/gazzettinoitalianopatagonico.com\/index.php?rest_route=\/wp\/v2\/posts"}],"about":[{"href":"https:\/\/gazzettinoitalianopatagonico.com\/index.php?rest_route=\/wp\/v2\/types\/post"}],"author":[{"embeddable":true,"href":"https:\/\/gazzettinoitalianopatagonico.com\/index.php?rest_route=\/wp\/v2\/users\/1"}],"replies":[{"embeddable":true,"href":"https:\/\/gazzettinoitalianopatagonico.com\/index.php?rest_route=%2Fwp%2Fv2%2Fcomments&post=1000024481"}],"version-history":[{"count":1,"href":"https:\/\/gazzettinoitalianopatagonico.com\/index.php?rest_route=\/wp\/v2\/posts\/1000024481\/revisions"}],"predecessor-version":[{"id":1000024483,"href":"https:\/\/gazzettinoitalianopatagonico.com\/index.php?rest_route=\/wp\/v2\/posts\/1000024481\/revisions\/1000024483"}],"wp:featuredmedia":[{"embeddable":true,"href":"https:\/\/gazzettinoitalianopatagonico.com\/index.php?rest_route=\/wp\/v2\/media\/1000024482"}],"wp:attachment":[{"href":"https:\/\/gazzettinoitalianopatagonico.com\/index.php?rest_route=%2Fwp%2Fv2%2Fmedia&parent=1000024481"}],"wp:term":[{"taxonomy":"category","embeddable":true,"href":"https:\/\/gazzettinoitalianopatagonico.com\/index.php?rest_route=%2Fwp%2Fv2%2Fcategories&post=1000024481"},{"taxonomy":"post_tag","embeddable":true,"href":"https:\/\/gazzettinoitalianopatagonico.com\/index.php?rest_route=%2Fwp%2Fv2%2Ftags&post=1000024481"}],"curies":[{"name":"wp","href":"https:\/\/api.w.org\/{rel}","templated":true}]}}