{"id":1000023303,"date":"2025-09-29T08:21:52","date_gmt":"2025-09-29T11:21:52","guid":{"rendered":"https:\/\/gazzettinoitalianopatagonico.com\/?p=1000023303"},"modified":"2025-09-29T08:21:53","modified_gmt":"2025-09-29T11:21:53","slug":"el-refugio-atomico-se-puede-vivir-en-un-yacimiento-depletado","status":"publish","type":"post","link":"https:\/\/gazzettinoitalianopatagonico.com\/?p=1000023303","title":{"rendered":"El Refugio At\u00f3mico: \u00bfSe puede vivir en un yacimiento depletado?"},"content":{"rendered":"\n<p>La nueva serie espa\u00f1ola El refugio at\u00f3mico, de \u00c1lex Pina y Esther Mart\u00ednez Lobato, creadores de La Casa de Papel, se estren\u00f3 el 19 de septiembre en Netflix con un elenco internacional que incluye a los argentinos Joaqu\u00edn Furriel, Natalia Verbeke y Agustina Bisio. Ambientada en un b\u00fanker de lujo ante el posible estallido de una guerra mundial, la ficci\u00f3n funciona como disparador de una pregunta que trasciende la pantalla: \u00bfes posible levantar una ciudad en un yacimiento depletado?<\/p>\n\n\n\n<p>\u00bfDe qu\u00e9 trata El refugio at\u00f3mico?<\/p>\n\n\n\n<p>La serie tiene una \u00fanica temporada de ocho episodios y comienza cuando la Tercera Guerra Mundial est\u00e1 a punto de estallar. Un grupo de multimillonarios invierte su fortuna para asegurarse un lugar en Kimera Underground Park, un b\u00fanker de lujo que funciona como refugio subterr\u00e1neo y una \u00abciudad exclusiva\u00bb. En ese lugar, tienen restaurante, gimnasio, spa, cocteler\u00eda, jard\u00edn y hasta cancha de b\u00e1squet, mientras en el exterior el mundo colapsa. Pero lo que parece un para\u00edso en medio del desastre empieza a convertirse en un escenario de conflictos, secretos y tensiones entre dos familias. La ficci\u00f3n, creada por Pina y Mart\u00ednez Lobato, combina una mezcla de suspenso y drama.<\/p>\n\n\n\n<p>\u00bfEs posible crear una ciudad en un yacimiento depletado?<\/p>\n\n\n\n<p>La trama de El Refugio At\u00f3mico conecta con una pregunta que va m\u00e1s all\u00e1 de la ficci\u00f3n: \u00bfse podr\u00eda levantar una ciudad subterr\u00e1nea en un yacimiento depletado? La idea puede sonar inusual, pero en otros lugares del mundo existen casos de dep\u00f3sitos de petr\u00f3leo y gas agotados que se reconvirtieron para otros empleos, desde el almacenamiento de gas natural hasta proyectos de captura de carbono. Eso demuestra que las cavidades que deja la actividad hidrocarbur\u00edfera no quedar\u00edan necesariamente en desuso, sino que podr\u00edan tener nuevas funciones una vez que se agotan. Sin embargo, otra cosa muy distinta es pensar en llevar la vida cotidiana a esos espacios. El primer desaf\u00edo ser\u00eda garantizar la seguridad estructural: que no existan filtraciones ni riesgo de derrumbe en formaciones sometidas durante d\u00e9cadas a la extracci\u00f3n. Tambi\u00e9n aparece la necesidad de generar condiciones ambientales estables, con suministro de aire, agua y energ\u00eda en un entorno cerrado y sin acceso a la luz natural. Y, claro, est\u00e1 el aspecto econ\u00f3mico: transformar un yacimiento agotado en una ciudad subterr\u00e1nea implicar\u00eda inversiones millonarias y un mantenimiento permanente para sostener esa habitabilidad. En ese sentido, lo que la serie de Netflix imagina como un b\u00fanker de lujo y una ciudad todav\u00eda est\u00e1 lejos de ser una alternativa real. A pesar de esto, la discusi\u00f3n sobre qu\u00e9 hacer con los yacimientos depletados ya est\u00e1 planteada y abre la puerta a pensar en futuros usos que trasciendan lo exclusivamente energ\u00e9tico.<\/p>\n\n\n\n<p>Reparto de El refugio at\u00f3mico<\/p>\n\n\n\n<p>El elenco de la serie de Netflix combina figuras internacionales, con tres argentinos en papeles clave: Furriel como Guillermo Falc\u00f3n, l\u00edder en el conflicto del b\u00fanker; Verbeke como Frida y Bisio como Mimi. El reparto lo completan Miren Ibarguren, Carlos Santos, Montse Guallar, Pau Simon, Al\u00edcia Falc\u00f3, \u00c1lex Villaz\u00e1n, Vito Sanz, Miguel Garc\u00e9s, Alvise Rigo, Almudena Salort, Jason Fern\u00e1ndez, Omar Banana, Michelle Jenner, Emika Kamieda, Alicia Fern\u00e1ndez, Monica Mara, B\u00e1rbara Santa-Cruz, Eleazar Ortiz, Candela Gonz\u00e1lez y Enrique Arce, entre otros.<\/p>\n","protected":false},"excerpt":{"rendered":"<p>La nueva serie espa\u00f1ola El refugio at\u00f3mico, de \u00c1lex Pina y Esther Mart\u00ednez Lobato, creadores de La Casa de Papel, se estren\u00f3 el 19 de septiembre en Netflix con un elenco internacional que incluye a los argentinos Joaqu\u00edn Furriel, Natalia Verbeke y Agustina Bisio. Ambientada en un b\u00fanker de lujo ante el posible estallido de [&hellip;]<\/p>\n","protected":false},"author":1,"featured_media":1000023304,"comment_status":"closed","ping_status":"open","sticky":false,"template":"","format":"standard","meta":{"content-type":"","_jetpack_memberships_contains_paid_content":false,"jnews-multi-image_gallery":[],"jnews_single_post":{"format":"standard"},"jnews_primary_category":[],"footnotes":"","jetpack_publicize_message":"","jetpack_publicize_feature_enabled":true,"jetpack_social_post_already_shared":true,"jetpack_social_options":{"image_generator_settings":{"template":"highway","default_image_id":0,"font":"","enabled":false},"version":2}},"categories":[255],"tags":[],"class_list":{"0":"post-1000023303","1":"post","2":"type-post","3":"status-publish","4":"format-standard","5":"has-post-thumbnail","7":"category-sociales"},"jetpack_publicize_connections":[],"jetpack_featured_media_url":"https:\/\/i0.wp.com\/gazzettinoitalianopatagonico.com\/wp-content\/uploads\/2025\/09\/zzzaa.png?fit=730%2C411&ssl=1","jetpack_likes_enabled":true,"jetpack_sharing_enabled":true,"_links":{"self":[{"href":"https:\/\/gazzettinoitalianopatagonico.com\/index.php?rest_route=\/wp\/v2\/posts\/1000023303","targetHints":{"allow":["GET"]}}],"collection":[{"href":"https:\/\/gazzettinoitalianopatagonico.com\/index.php?rest_route=\/wp\/v2\/posts"}],"about":[{"href":"https:\/\/gazzettinoitalianopatagonico.com\/index.php?rest_route=\/wp\/v2\/types\/post"}],"author":[{"embeddable":true,"href":"https:\/\/gazzettinoitalianopatagonico.com\/index.php?rest_route=\/wp\/v2\/users\/1"}],"replies":[{"embeddable":true,"href":"https:\/\/gazzettinoitalianopatagonico.com\/index.php?rest_route=%2Fwp%2Fv2%2Fcomments&post=1000023303"}],"version-history":[{"count":1,"href":"https:\/\/gazzettinoitalianopatagonico.com\/index.php?rest_route=\/wp\/v2\/posts\/1000023303\/revisions"}],"predecessor-version":[{"id":1000023305,"href":"https:\/\/gazzettinoitalianopatagonico.com\/index.php?rest_route=\/wp\/v2\/posts\/1000023303\/revisions\/1000023305"}],"wp:featuredmedia":[{"embeddable":true,"href":"https:\/\/gazzettinoitalianopatagonico.com\/index.php?rest_route=\/wp\/v2\/media\/1000023304"}],"wp:attachment":[{"href":"https:\/\/gazzettinoitalianopatagonico.com\/index.php?rest_route=%2Fwp%2Fv2%2Fmedia&parent=1000023303"}],"wp:term":[{"taxonomy":"category","embeddable":true,"href":"https:\/\/gazzettinoitalianopatagonico.com\/index.php?rest_route=%2Fwp%2Fv2%2Fcategories&post=1000023303"},{"taxonomy":"post_tag","embeddable":true,"href":"https:\/\/gazzettinoitalianopatagonico.com\/index.php?rest_route=%2Fwp%2Fv2%2Ftags&post=1000023303"}],"curies":[{"name":"wp","href":"https:\/\/api.w.org\/{rel}","templated":true}]}}