{"id":1000023091,"date":"2025-09-24T09:42:11","date_gmt":"2025-09-24T12:42:11","guid":{"rendered":"https:\/\/gazzettinoitalianopatagonico.com\/?p=1000023091"},"modified":"2025-09-24T09:42:13","modified_gmt":"2025-09-24T12:42:13","slug":"yoox-apertura-su-alternative-ai-licenziamenti","status":"publish","type":"post","link":"https:\/\/gazzettinoitalianopatagonico.com\/?p=1000023091","title":{"rendered":"Yoox, apertura su alternative ai licenziamenti"},"content":{"rendered":"\n<p>Sorpresa al ministero delle Imprese e del Made in Italy nella vertenza Yoox: a quanto pare, azienda e sindacati, accogliendo l&#8217;invito del ministro Adolfo Urso, \u00abhanno manifestato la propria disponibilit\u00e0 a esaminare tutte le possibili soluzioni alternative alla procedura di licenziamento collettivo gi\u00e0 avviata\u00bb per 211 dipendenti (di cui 165 a Bologna e altri a Milano). Lo riferisce una nota del ministero. \u00abConsideriamo Yoox una realt\u00e0 rilevante, da salvaguardare per tutelare l&#8217;occupazione e la sua presenza sul territorio. La riorganizzazione di questa azienda non pu\u00f2 e non deve avvenire attraverso azioni unilaterali\u00bb, ha detto Urso in apertura dei lavori del tavolo, auspicando l&#8217;avvio di \u00abun confronto serio e trasparente, nel quale tutte le parti agiscano con responsabilit\u00e0 e spirito costruttivo, verso soluzioni condivise per il rilancio dell&#8217;azienda\u00bb. Accogliendo \u00abcon favore la disponibilit\u00e0\u00bb manifestata dall&#8217;azienda e dai sindacati, il ministero, ha aggiornato i lavori del tavolo al 2 ottobre.<\/p>\n\n\n\n<p>SINDACATI: PASSO IN AVANTI, ORA L&#8217;AZIENDA SOSPENDA GLI ESUBERI ENTRO IL 2 OTTOBRE<\/p>\n\n\n\n<p>\u00abUn passo avanti\u00bb, al quale devono ora seguire, entro il 2 ottobre, il ritiro o la sospensione dei licenziamenti per 211 lavoratori di Yoox Net-a-porter per i quali \u00e8 stata aperta la procedura di mobilit\u00e0. \u00c8 la richiesta di Filcams, Fisascat e Uiltucs dopo l&#8217;incontro che si \u00e8 tenuto oggi al ministero delle Imprese, in cui il ministro Adolfo Urso ha chiesto e ottenuto dall&#8217;azienda la disponibilit\u00e0 a valutare strumenti alternativi agli esuberi. \u00abFilcams, Fisascat e Uiltucs hanno ribadito con fermezza la propria posizione: ritiro dei licenziamenti e apertura di un confronto vero sulla crisi che attraversa la societ\u00e0, con la massima trasparenza rispetto al piano industriale che Yoox e Mytheresa intendono mettere in campo, al fine di garantire la continuit\u00e0 aziendale\u00bb, spiegano i sindacati. \u00abSu sollecitazione del ministro, l&#8217;azienda ha dichiarato la disponibilit\u00e0 a valutare strumenti alternativi ai licenziamenti. Un primo, importante passo avanti che consente alle parti, con il supporto delle istituzioni territoriali, regionali e del ministero, di affrontare una crisi che altrimenti graverebbe unicamente sulle spalle delle lavoratrici e dei lavoratori\u00bb, confermano le sigle nazionali di categoria, che chiedono, adesso al colosso dell&#8217;e-commerce di fare di pi\u00f9. \u00abLe tempistiche dettate dalla procedura di licenziamento collettivo sono incompatibili con un percorso utile alla risoluzione di questa grave crisi. Per questo motivo, come pi\u00f9 volte sollecitato dalle istituzioni e dal ministro Urso, Yoox dovr\u00e0 procedere quanto prima al ritiro o alla sospensione della procedura e l&#8217;attivazione di un confronto serio e trasparente\u00bb, fanno sapere i sindacati. \u00abNon saranno accettabili azioni unilaterali da parte dell&#8217;azienda e pertanto, le aperture datoriali in tal senso dovranno concretizzarsi rapidamente ed auspicabilmente gi\u00e0 nel prossimo incontro previsto in sede ministeriale per il 2 ottobre\u00bb, avvertono, confermando che \u00able lavoratrici e i lavoratori continueranno a far sentire la propria voce con il presidio di Bologna Interporto e con ulteriori iniziative di mobilitazione\u00bb.<\/p>\n\n\n\n<p>Mattia Cecchini<\/p>\n","protected":false},"excerpt":{"rendered":"<p>Sorpresa al ministero delle Imprese e del Made in Italy nella vertenza Yoox: a quanto pare, azienda e sindacati, accogliendo l&#8217;invito del ministro Adolfo Urso, \u00abhanno manifestato la propria disponibilit\u00e0 a esaminare tutte le possibili soluzioni alternative alla procedura di licenziamento collettivo gi\u00e0 avviata\u00bb per 211 dipendenti (di cui 165 a Bologna e altri a [&hellip;]<\/p>\n","protected":false},"author":1,"featured_media":1000023092,"comment_status":"closed","ping_status":"open","sticky":false,"template":"","format":"standard","meta":{"content-type":"","_jetpack_memberships_contains_paid_content":false,"jnews-multi-image_gallery":[],"jnews_single_post":{"format":"standard"},"jnews_primary_category":[],"footnotes":"","jetpack_publicize_message":"","jetpack_publicize_feature_enabled":true,"jetpack_social_post_already_shared":true,"jetpack_social_options":{"image_generator_settings":{"template":"highway","default_image_id":0,"font":"","enabled":false},"version":2}},"categories":[46],"tags":[],"class_list":{"0":"post-1000023091","1":"post","2":"type-post","3":"status-publish","4":"format-standard","5":"has-post-thumbnail","7":"category-italia"},"jetpack_publicize_connections":[],"jetpack_featured_media_url":"https:\/\/i0.wp.com\/gazzettinoitalianopatagonico.com\/wp-content\/uploads\/2025\/09\/YOOX.jpeg?fit=1024%2C608&ssl=1","jetpack_likes_enabled":true,"jetpack_sharing_enabled":true,"_links":{"self":[{"href":"https:\/\/gazzettinoitalianopatagonico.com\/index.php?rest_route=\/wp\/v2\/posts\/1000023091","targetHints":{"allow":["GET"]}}],"collection":[{"href":"https:\/\/gazzettinoitalianopatagonico.com\/index.php?rest_route=\/wp\/v2\/posts"}],"about":[{"href":"https:\/\/gazzettinoitalianopatagonico.com\/index.php?rest_route=\/wp\/v2\/types\/post"}],"author":[{"embeddable":true,"href":"https:\/\/gazzettinoitalianopatagonico.com\/index.php?rest_route=\/wp\/v2\/users\/1"}],"replies":[{"embeddable":true,"href":"https:\/\/gazzettinoitalianopatagonico.com\/index.php?rest_route=%2Fwp%2Fv2%2Fcomments&post=1000023091"}],"version-history":[{"count":1,"href":"https:\/\/gazzettinoitalianopatagonico.com\/index.php?rest_route=\/wp\/v2\/posts\/1000023091\/revisions"}],"predecessor-version":[{"id":1000023093,"href":"https:\/\/gazzettinoitalianopatagonico.com\/index.php?rest_route=\/wp\/v2\/posts\/1000023091\/revisions\/1000023093"}],"wp:featuredmedia":[{"embeddable":true,"href":"https:\/\/gazzettinoitalianopatagonico.com\/index.php?rest_route=\/wp\/v2\/media\/1000023092"}],"wp:attachment":[{"href":"https:\/\/gazzettinoitalianopatagonico.com\/index.php?rest_route=%2Fwp%2Fv2%2Fmedia&parent=1000023091"}],"wp:term":[{"taxonomy":"category","embeddable":true,"href":"https:\/\/gazzettinoitalianopatagonico.com\/index.php?rest_route=%2Fwp%2Fv2%2Fcategories&post=1000023091"},{"taxonomy":"post_tag","embeddable":true,"href":"https:\/\/gazzettinoitalianopatagonico.com\/index.php?rest_route=%2Fwp%2Fv2%2Ftags&post=1000023091"}],"curies":[{"name":"wp","href":"https:\/\/api.w.org\/{rel}","templated":true}]}}