{"id":1000023088,"date":"2025-09-24T09:40:27","date_gmt":"2025-09-24T12:40:27","guid":{"rendered":"https:\/\/gazzettinoitalianopatagonico.com\/?p=1000023088"},"modified":"2025-09-24T09:40:28","modified_gmt":"2025-09-24T12:40:28","slug":"trump-sembra-putin-interferisce-nelle-elezioni-in-europa-cercando-di-spostare-lasse-ue-a-destra","status":"publish","type":"post","link":"https:\/\/gazzettinoitalianopatagonico.com\/?p=1000023088","title":{"rendered":"Trump sembra Putin: interferisce nelle elezioni in Europa, cercando di spostare l&#8217;asse Ue a destra"},"content":{"rendered":"\n<p>Un report firmato dall&#8217;ECFR e dalla Fondazione Culturale Europea ripreso dal Guardian descrive l&#8217;amministrazione Trump come il regista di una guerra culturale contro l&#8217;Unione Europea. Un piano studiato per sostenere i fedelissimi del movimento Maga nel Vecchio Continente, delegittimare Bruxelles e spingere i governi europei verso un&#8217;agenda ultraconservatrice. Con proporzioni e modalit\u00e0 operative diverse, ma molto simile alle strategie di Putin per gli Stati Uniti e l&#8217;Europa stessa.<\/p>\n\n\n\n<p>Secondo lo studio, la Casa Bianca non si limita a lanciare strali ideologici: cerca apertamente di interferire nelle elezioni europee, trasformando il legame transatlantico in uno scontro di valori. I populisti di destra, da Orb\u00e1n a Meloni fino a Fico, sono indicati come gli attori pi\u00f9 utili alla trama americana, con la libert\u00e0 di parola eretta a bandiera polemica.<\/p>\n\n\n\n<p>Il rapporto non risparmia l&#8217;Ue: troppi leader, accusano gli autori, hanno scelto l&#8217;atteggiamento dell&#8217;adulazione o della distrazione, alimentando cos\u00ec la spavalderia trumpiana. L&#8217;immagine evocata \u00e8 quella di The Truman Show: un&#8217;Europa che recita dentro un set costruito da altri, finch\u00e9 non decider\u00e0 se uscire dal copione.<\/p>\n\n\n\n<p>L&#8217;escalation sarebbe gi\u00e0 visibile. JD Vance, alla Conferenza di Monaco, ha accusato l&#8217;Europa di \u00abritirarsi dai valori fondamentali condivisi\u00bb, aprendo di fatto il fronte culturale. Trump, da parte sua, ha escluso Bruxelles dai tavoli sull&#8217;Ucraina, attaccato i partiti mainstream e trasformato i negoziati commerciali in una questione di ricatto.<\/p>\n\n\n\n<p>L&#8217;offensiva si gioca anche sul terreno simbolico: dalla Polonia, con l&#8217;investitura di Karol Nawrocki a \u00abuomo del presidente\u00bb, fino ai richiami del Dipartimento di Stato agli \u00aballeati della civilt\u00e0 in Europa\u00bb contro presunte derive censorie e migratorie. Una narrativa che punta a spostare il baricentro politico dell&#8217;intero continente.<\/p>\n\n\n\n<p>Mario Basile<\/p>\n","protected":false},"excerpt":{"rendered":"<p>Un report firmato dall&#8217;ECFR e dalla Fondazione Culturale Europea ripreso dal Guardian descrive l&#8217;amministrazione Trump come il regista di una guerra culturale contro l&#8217;Unione Europea. Un piano studiato per sostenere i fedelissimi del movimento Maga nel Vecchio Continente, delegittimare Bruxelles e spingere i governi europei verso un&#8217;agenda ultraconservatrice. Con proporzioni e modalit\u00e0 operative diverse, ma [&hellip;]<\/p>\n","protected":false},"author":1,"featured_media":1000023089,"comment_status":"closed","ping_status":"open","sticky":false,"template":"","format":"standard","meta":{"content-type":"","_jetpack_memberships_contains_paid_content":false,"jnews-multi-image_gallery":[],"jnews_single_post":{"format":"standard"},"jnews_primary_category":[],"footnotes":"","jetpack_publicize_message":"","jetpack_publicize_feature_enabled":true,"jetpack_social_post_already_shared":true,"jetpack_social_options":{"image_generator_settings":{"template":"highway","default_image_id":0,"font":"","enabled":false},"version":2}},"categories":[41],"tags":[],"class_list":{"0":"post-1000023088","1":"post","2":"type-post","3":"status-publish","4":"format-standard","5":"has-post-thumbnail","7":"category-mundo"},"jetpack_publicize_connections":[],"jetpack_featured_media_url":"https:\/\/i0.wp.com\/gazzettinoitalianopatagonico.com\/wp-content\/uploads\/2025\/09\/trump-1024x543-2.png?fit=1024%2C543&ssl=1","jetpack_likes_enabled":true,"jetpack_sharing_enabled":true,"_links":{"self":[{"href":"https:\/\/gazzettinoitalianopatagonico.com\/index.php?rest_route=\/wp\/v2\/posts\/1000023088","targetHints":{"allow":["GET"]}}],"collection":[{"href":"https:\/\/gazzettinoitalianopatagonico.com\/index.php?rest_route=\/wp\/v2\/posts"}],"about":[{"href":"https:\/\/gazzettinoitalianopatagonico.com\/index.php?rest_route=\/wp\/v2\/types\/post"}],"author":[{"embeddable":true,"href":"https:\/\/gazzettinoitalianopatagonico.com\/index.php?rest_route=\/wp\/v2\/users\/1"}],"replies":[{"embeddable":true,"href":"https:\/\/gazzettinoitalianopatagonico.com\/index.php?rest_route=%2Fwp%2Fv2%2Fcomments&post=1000023088"}],"version-history":[{"count":1,"href":"https:\/\/gazzettinoitalianopatagonico.com\/index.php?rest_route=\/wp\/v2\/posts\/1000023088\/revisions"}],"predecessor-version":[{"id":1000023090,"href":"https:\/\/gazzettinoitalianopatagonico.com\/index.php?rest_route=\/wp\/v2\/posts\/1000023088\/revisions\/1000023090"}],"wp:featuredmedia":[{"embeddable":true,"href":"https:\/\/gazzettinoitalianopatagonico.com\/index.php?rest_route=\/wp\/v2\/media\/1000023089"}],"wp:attachment":[{"href":"https:\/\/gazzettinoitalianopatagonico.com\/index.php?rest_route=%2Fwp%2Fv2%2Fmedia&parent=1000023088"}],"wp:term":[{"taxonomy":"category","embeddable":true,"href":"https:\/\/gazzettinoitalianopatagonico.com\/index.php?rest_route=%2Fwp%2Fv2%2Fcategories&post=1000023088"},{"taxonomy":"post_tag","embeddable":true,"href":"https:\/\/gazzettinoitalianopatagonico.com\/index.php?rest_route=%2Fwp%2Fv2%2Ftags&post=1000023088"}],"curies":[{"name":"wp","href":"https:\/\/api.w.org\/{rel}","templated":true}]}}