{"id":1000023073,"date":"2025-09-24T09:28:36","date_gmt":"2025-09-24T12:28:36","guid":{"rendered":"https:\/\/gazzettinoitalianopatagonico.com\/?p=1000023073"},"modified":"2025-09-24T09:28:38","modified_gmt":"2025-09-24T12:28:38","slug":"familia-di-costabile-e-il-film-italiano-scelto-per-essere-selezionato-agli-oscar-2026","status":"publish","type":"post","link":"https:\/\/gazzettinoitalianopatagonico.com\/?p=1000023073","title":{"rendered":"\u00abFamilia\u00bb di Costabile \u00e8 il film italiano scelto per essere selezionato agli Oscar 2026"},"content":{"rendered":"\n<p>\u00abFamilia\u00bb di&nbsp;&nbsp;Francesco Costabile \u00e8 il film italiano scelto per essere selezionato agli Oscar 2026, nella categoria International Feature Film Award. La pellicola \u00e8 stata votata dal Comitato di Selezione, istituito dall&#8217;Anica su incarico dell&#8217;Academy of Motion Picture Arts and Sciences, riunito davanti a un notaio e composto da Micaela Fusco, Alessandra Magliaro, Gabriele Muccino, Olivia Musini, Simona Paggi, Federico Pontiggia, Micaela Ramazzotti, Stefano Sardo e Vito Sinopoli.<\/p>\n\n\n\n<p>\u00abFamilia\u00bb concorrer\u00e0 per la shortlist che includer\u00e0 i quindici migliori film internazionali selezionati dall&#8217;Academy e che sar\u00e0 resa nota il 16 dicembre 2025. L&#8217;annuncio delle nomination (la cinquina dei film nominati per concorrere al premio) \u00e8, invece, previsto per il 22 gennaio 2026. La cerimonia di consegna degli Oscar si terr\u00e0 a Los Angeles il 15 marzo 2026.<\/p>\n\n\n\n<p>Nino Gagliardi<\/p>\n","protected":false},"excerpt":{"rendered":"<p>\u00abFamilia\u00bb di&nbsp;&nbsp;Francesco Costabile \u00e8 il film italiano scelto per essere selezionato agli Oscar 2026, nella categoria International Feature Film Award. La pellicola \u00e8 stata votata dal Comitato di Selezione, istituito dall&#8217;Anica su incarico dell&#8217;Academy of Motion Picture Arts and Sciences, riunito davanti a un notaio e composto da Micaela Fusco, Alessandra Magliaro, Gabriele Muccino, Olivia [&hellip;]<\/p>\n","protected":false},"author":1,"featured_media":1000023074,"comment_status":"closed","ping_status":"open","sticky":false,"template":"","format":"standard","meta":{"content-type":"","_jetpack_memberships_contains_paid_content":false,"jnews-multi-image_gallery":[],"jnews_single_post":{"format":"standard"},"jnews_primary_category":[],"footnotes":"","jetpack_publicize_message":"","jetpack_publicize_feature_enabled":true,"jetpack_social_post_already_shared":true,"jetpack_social_options":{"image_generator_settings":{"template":"highway","default_image_id":0,"font":"","enabled":false},"version":2}},"categories":[9],"tags":[],"class_list":{"0":"post-1000023073","1":"post","2":"type-post","3":"status-publish","4":"format-standard","5":"has-post-thumbnail","7":"category-cultura"},"jetpack_publicize_connections":[],"jetpack_featured_media_url":"https:\/\/i0.wp.com\/gazzettinoitalianopatagonico.com\/wp-content\/uploads\/2025\/09\/familia-oscar-1024x576-1.jpg?fit=1024%2C576&ssl=1","jetpack_likes_enabled":true,"jetpack_sharing_enabled":true,"_links":{"self":[{"href":"https:\/\/gazzettinoitalianopatagonico.com\/index.php?rest_route=\/wp\/v2\/posts\/1000023073","targetHints":{"allow":["GET"]}}],"collection":[{"href":"https:\/\/gazzettinoitalianopatagonico.com\/index.php?rest_route=\/wp\/v2\/posts"}],"about":[{"href":"https:\/\/gazzettinoitalianopatagonico.com\/index.php?rest_route=\/wp\/v2\/types\/post"}],"author":[{"embeddable":true,"href":"https:\/\/gazzettinoitalianopatagonico.com\/index.php?rest_route=\/wp\/v2\/users\/1"}],"replies":[{"embeddable":true,"href":"https:\/\/gazzettinoitalianopatagonico.com\/index.php?rest_route=%2Fwp%2Fv2%2Fcomments&post=1000023073"}],"version-history":[{"count":1,"href":"https:\/\/gazzettinoitalianopatagonico.com\/index.php?rest_route=\/wp\/v2\/posts\/1000023073\/revisions"}],"predecessor-version":[{"id":1000023075,"href":"https:\/\/gazzettinoitalianopatagonico.com\/index.php?rest_route=\/wp\/v2\/posts\/1000023073\/revisions\/1000023075"}],"wp:featuredmedia":[{"embeddable":true,"href":"https:\/\/gazzettinoitalianopatagonico.com\/index.php?rest_route=\/wp\/v2\/media\/1000023074"}],"wp:attachment":[{"href":"https:\/\/gazzettinoitalianopatagonico.com\/index.php?rest_route=%2Fwp%2Fv2%2Fmedia&parent=1000023073"}],"wp:term":[{"taxonomy":"category","embeddable":true,"href":"https:\/\/gazzettinoitalianopatagonico.com\/index.php?rest_route=%2Fwp%2Fv2%2Fcategories&post=1000023073"},{"taxonomy":"post_tag","embeddable":true,"href":"https:\/\/gazzettinoitalianopatagonico.com\/index.php?rest_route=%2Fwp%2Fv2%2Ftags&post=1000023073"}],"curies":[{"name":"wp","href":"https:\/\/api.w.org\/{rel}","templated":true}]}}