{"id":1000023066,"date":"2025-09-24T09:23:51","date_gmt":"2025-09-24T12:23:51","guid":{"rendered":"https:\/\/gazzettinoitalianopatagonico.com\/?p=1000023066"},"modified":"2025-09-24T09:23:52","modified_gmt":"2025-09-24T12:23:52","slug":"trump-salva-a-milei-pero-no-a-la-argentina-el-indec-anticipo-recesion-y-mas-desempleo","status":"publish","type":"post","link":"https:\/\/gazzettinoitalianopatagonico.com\/?p=1000023066","title":{"rendered":"Trump salva a Milei, pero no a la Argentina: el Indec anticip\u00f3 recesi\u00f3n y m\u00e1s desempleo"},"content":{"rendered":"\n<p>VEncuestas sectoriales confirman que el pa\u00eds est\u00e1 entrando en un periodo recesivo. La econom\u00eda real ya no resiste. El anuncio de Estados Unidos no detiene las expectativas de mayor p\u00e9rdida de puestos de trabajo.<\/p>\n\n\n\n<figure class=\"wp-block-image size-full\"><img data-recalc-dims=\"1\" fetchpriority=\"high\" decoding=\"async\" width=\"716\" height=\"444\" data-attachment-id=\"1000023067\" data-permalink=\"https:\/\/gazzettinoitalianopatagonico.com\/?attachment_id=1000023067\" data-orig-file=\"https:\/\/i0.wp.com\/gazzettinoitalianopatagonico.com\/wp-content\/uploads\/2025\/09\/image-11.jpg?fit=716%2C444&amp;ssl=1\" data-orig-size=\"716,444\" data-comments-opened=\"0\" data-image-meta=\"{&quot;aperture&quot;:&quot;0&quot;,&quot;credit&quot;:&quot;&quot;,&quot;camera&quot;:&quot;&quot;,&quot;caption&quot;:&quot;&quot;,&quot;created_timestamp&quot;:&quot;0&quot;,&quot;copyright&quot;:&quot;&quot;,&quot;focal_length&quot;:&quot;0&quot;,&quot;iso&quot;:&quot;0&quot;,&quot;shutter_speed&quot;:&quot;0&quot;,&quot;title&quot;:&quot;&quot;,&quot;orientation&quot;:&quot;0&quot;}\" data-image-title=\"image\" data-image-description=\"\" data-image-caption=\"\" data-medium-file=\"https:\/\/i0.wp.com\/gazzettinoitalianopatagonico.com\/wp-content\/uploads\/2025\/09\/image-11.jpg?fit=300%2C186&amp;ssl=1\" data-large-file=\"https:\/\/i0.wp.com\/gazzettinoitalianopatagonico.com\/wp-content\/uploads\/2025\/09\/image-11.jpg?fit=716%2C444&amp;ssl=1\" src=\"https:\/\/i0.wp.com\/gazzettinoitalianopatagonico.com\/wp-content\/uploads\/2025\/09\/image-11.jpg?resize=716%2C444&#038;ssl=1\" alt=\"\" class=\"wp-image-1000023067\" srcset=\"https:\/\/i0.wp.com\/gazzettinoitalianopatagonico.com\/wp-content\/uploads\/2025\/09\/image-11.jpg?w=716&amp;ssl=1 716w, https:\/\/i0.wp.com\/gazzettinoitalianopatagonico.com\/wp-content\/uploads\/2025\/09\/image-11.jpg?resize=300%2C186&amp;ssl=1 300w\" sizes=\"(max-width: 716px) 100vw, 716px\" \/><\/figure>\n\n\n\n<p>El plan de salvataje ag\u00f3nico que anunci\u00f3 el gobierno de Donald Trump para resguardar al presidente Javier Milei no ocultar\u00e1 el rumbo que ya tom\u00f3 la econom\u00eda hacia fin de a\u00f1o: la confirmaci\u00f3n del inicio de la recesi\u00f3n y el aumento del desempleo. El Indec encuest\u00f3 a empresarios del sector industrial y comercial para conocer las expectativas del pr\u00f3ximo trimestre. Las respuestas fueron demoledoras. En sus horas m\u00e1s oscuras, el Tesoro de Estados Unidos anticip\u00f3 un paquete de rescate que, de confirmarse, estirar\u00eda la viabilidad del programa econ\u00f3mico de Luis Caputo por lo menos hasta las elecciones. Sin embargo, todas las variables de la econom\u00eda de bolsillo confirman el sendero recesivo en el que se meti\u00f3 el pa\u00eds por el modelo ejecutado por Milei. Aunque el equipo econ\u00f3mico celebre reversi\u00f3n de precio de bonos y riesgo pa\u00eds, la \u00abmicro\u00bb seguir\u00e1 empeorando seg\u00fan proyecciones oficiales.<\/p>\n\n\n\n<p>Qu\u00e9 dicen los industriales de los pr\u00f3ximos tres meses<\/p>\n\n\n\n<p>El Indec public\u00f3 los resultados de la Encuesta de Tendencia de Negocios para la industria manufacturera y las expectativas para el pr\u00f3ximo trimestre. A la pregunta de qu\u00e9 cambios espera en el volumen de producci\u00f3n durante septiembre-noviembre respecto a la situaci\u00f3n actual, el 22,7% afirm\u00f3 que disminuir\u00e1 22,7%, el 15,6% aumentar\u00e1 y el 61,7% no variar\u00e1. Sobre la cartera total de pedidos de clientes en agosto, el 50,9% lo calific\u00f3 por debajo de lo normal y apenas el 3,75% por encima. Respecto a la \u00absituaci\u00f3n empresarial actual de su negocio\u00bb, solo el 9,3% sostuvo que es buena 9,3%, el 63,4% normal y el 27,3% como mala.&nbsp; En cuanto a la situaci\u00f3n financiera, el 22,2% dijo que es mala y solo el 12,5% como buena. En materia de acceso al cr\u00e9dito para las empresas, el 32,5% la calific\u00f3 como dif\u00edcil y solo el 5,6% se\u00f1al\u00f3 que es f\u00e1cil.<\/p>\n\n\n\n<figure class=\"wp-block-image size-full\"><img data-recalc-dims=\"1\" decoding=\"async\" width=\"702\" height=\"320\" data-attachment-id=\"1000023069\" data-permalink=\"https:\/\/gazzettinoitalianopatagonico.com\/?attachment_id=1000023069\" data-orig-file=\"https:\/\/i0.wp.com\/gazzettinoitalianopatagonico.com\/wp-content\/uploads\/2025\/09\/image-13.jpg?fit=702%2C320&amp;ssl=1\" data-orig-size=\"702,320\" data-comments-opened=\"0\" data-image-meta=\"{&quot;aperture&quot;:&quot;0&quot;,&quot;credit&quot;:&quot;&quot;,&quot;camera&quot;:&quot;&quot;,&quot;caption&quot;:&quot;&quot;,&quot;created_timestamp&quot;:&quot;0&quot;,&quot;copyright&quot;:&quot;&quot;,&quot;focal_length&quot;:&quot;0&quot;,&quot;iso&quot;:&quot;0&quot;,&quot;shutter_speed&quot;:&quot;0&quot;,&quot;title&quot;:&quot;&quot;,&quot;orientation&quot;:&quot;0&quot;}\" data-image-title=\"image\" data-image-description=\"\" data-image-caption=\"\" data-medium-file=\"https:\/\/i0.wp.com\/gazzettinoitalianopatagonico.com\/wp-content\/uploads\/2025\/09\/image-13.jpg?fit=300%2C137&amp;ssl=1\" data-large-file=\"https:\/\/i0.wp.com\/gazzettinoitalianopatagonico.com\/wp-content\/uploads\/2025\/09\/image-13.jpg?fit=702%2C320&amp;ssl=1\" src=\"https:\/\/i0.wp.com\/gazzettinoitalianopatagonico.com\/wp-content\/uploads\/2025\/09\/image-13.jpg?resize=702%2C320&#038;ssl=1\" alt=\"\" class=\"wp-image-1000023069\" srcset=\"https:\/\/i0.wp.com\/gazzettinoitalianopatagonico.com\/wp-content\/uploads\/2025\/09\/image-13.jpg?w=702&amp;ssl=1 702w, https:\/\/i0.wp.com\/gazzettinoitalianopatagonico.com\/wp-content\/uploads\/2025\/09\/image-13.jpg?resize=300%2C137&amp;ssl=1 300w, https:\/\/i0.wp.com\/gazzettinoitalianopatagonico.com\/wp-content\/uploads\/2025\/09\/image-13.jpg?resize=700%2C320&amp;ssl=1 700w\" sizes=\"(max-width: 702px) 100vw, 702px\" \/><\/figure>\n\n\n\n<p>A la pregunta \u00ab\u00bfCu\u00e1l es el factor m\u00e1s importante que est\u00e1 limitando su capacidad para aumentar la producci\u00f3n?\u00bb, la \u00abdemanda interna insuficiente\u00bb lider\u00f3 ampliamente la encuesta, con un 49,4%. Para peor, el 23,6% piensa que este indicador empeorar\u00e1 y el 61% que no variar\u00e1. En consecuencia, el 16,5% de los encuestados sostuvo que disminuir\u00e1 el n\u00famero de empleados para los pr\u00f3ximos tres meses, mientras que apenas el 4% dijo que aumentar\u00eda.<\/p>\n\n\n\n<figure class=\"wp-block-image size-full\"><img data-recalc-dims=\"1\" decoding=\"async\" width=\"686\" height=\"230\" data-attachment-id=\"1000023070\" data-permalink=\"https:\/\/gazzettinoitalianopatagonico.com\/?attachment_id=1000023070\" data-orig-file=\"https:\/\/i0.wp.com\/gazzettinoitalianopatagonico.com\/wp-content\/uploads\/2025\/09\/image-14.jpg?fit=686%2C230&amp;ssl=1\" data-orig-size=\"686,230\" data-comments-opened=\"0\" data-image-meta=\"{&quot;aperture&quot;:&quot;0&quot;,&quot;credit&quot;:&quot;&quot;,&quot;camera&quot;:&quot;&quot;,&quot;caption&quot;:&quot;&quot;,&quot;created_timestamp&quot;:&quot;0&quot;,&quot;copyright&quot;:&quot;&quot;,&quot;focal_length&quot;:&quot;0&quot;,&quot;iso&quot;:&quot;0&quot;,&quot;shutter_speed&quot;:&quot;0&quot;,&quot;title&quot;:&quot;&quot;,&quot;orientation&quot;:&quot;0&quot;}\" data-image-title=\"image\" data-image-description=\"\" data-image-caption=\"\" data-medium-file=\"https:\/\/i0.wp.com\/gazzettinoitalianopatagonico.com\/wp-content\/uploads\/2025\/09\/image-14.jpg?fit=300%2C101&amp;ssl=1\" data-large-file=\"https:\/\/i0.wp.com\/gazzettinoitalianopatagonico.com\/wp-content\/uploads\/2025\/09\/image-14.jpg?fit=686%2C230&amp;ssl=1\" src=\"https:\/\/i0.wp.com\/gazzettinoitalianopatagonico.com\/wp-content\/uploads\/2025\/09\/image-14.jpg?resize=686%2C230&#038;ssl=1\" alt=\"\" class=\"wp-image-1000023070\" srcset=\"https:\/\/i0.wp.com\/gazzettinoitalianopatagonico.com\/wp-content\/uploads\/2025\/09\/image-14.jpg?w=686&amp;ssl=1 686w, https:\/\/i0.wp.com\/gazzettinoitalianopatagonico.com\/wp-content\/uploads\/2025\/09\/image-14.jpg?resize=300%2C101&amp;ssl=1 300w\" sizes=\"(max-width: 686px) 100vw, 686px\" \/><\/figure>\n\n\n\n<p>Consumo en supermercados: tendencia a la baja<\/p>\n\n\n\n<p>Para el sector supermercadistas y autoservicios mayoristas, el 36,1% consider\u00f3 que la situaci\u00f3n comercial actual de su empresa es mala y solo el 12,5% como buena. Sobre la situaci\u00f3n financiera, \u00abmala\u00bb se llev\u00f3 el 20,08% de las respuestas y \u00abnormal\u00bb el 70,8%. Respecto al acceso crediticio, el 38,9% la calific\u00f3 como dif\u00edcil y un \u00ednfimo 1,4% como f\u00e1cil.<\/p>\n\n\n\n<figure class=\"wp-block-image size-full\"><img data-recalc-dims=\"1\" loading=\"lazy\" decoding=\"async\" width=\"709\" height=\"257\" data-attachment-id=\"1000023068\" data-permalink=\"https:\/\/gazzettinoitalianopatagonico.com\/?attachment_id=1000023068\" data-orig-file=\"https:\/\/i0.wp.com\/gazzettinoitalianopatagonico.com\/wp-content\/uploads\/2025\/09\/image-12.jpg?fit=709%2C257&amp;ssl=1\" data-orig-size=\"709,257\" data-comments-opened=\"0\" data-image-meta=\"{&quot;aperture&quot;:&quot;0&quot;,&quot;credit&quot;:&quot;&quot;,&quot;camera&quot;:&quot;&quot;,&quot;caption&quot;:&quot;&quot;,&quot;created_timestamp&quot;:&quot;0&quot;,&quot;copyright&quot;:&quot;&quot;,&quot;focal_length&quot;:&quot;0&quot;,&quot;iso&quot;:&quot;0&quot;,&quot;shutter_speed&quot;:&quot;0&quot;,&quot;title&quot;:&quot;&quot;,&quot;orientation&quot;:&quot;0&quot;}\" data-image-title=\"image\" data-image-description=\"\" data-image-caption=\"\" data-medium-file=\"https:\/\/i0.wp.com\/gazzettinoitalianopatagonico.com\/wp-content\/uploads\/2025\/09\/image-12.jpg?fit=300%2C109&amp;ssl=1\" data-large-file=\"https:\/\/i0.wp.com\/gazzettinoitalianopatagonico.com\/wp-content\/uploads\/2025\/09\/image-12.jpg?fit=709%2C257&amp;ssl=1\" src=\"https:\/\/i0.wp.com\/gazzettinoitalianopatagonico.com\/wp-content\/uploads\/2025\/09\/image-12.jpg?resize=709%2C257&#038;ssl=1\" alt=\"\" class=\"wp-image-1000023068\" srcset=\"https:\/\/i0.wp.com\/gazzettinoitalianopatagonico.com\/wp-content\/uploads\/2025\/09\/image-12.jpg?w=709&amp;ssl=1 709w, https:\/\/i0.wp.com\/gazzettinoitalianopatagonico.com\/wp-content\/uploads\/2025\/09\/image-12.jpg?resize=300%2C109&amp;ssl=1 300w\" sizes=\"(max-width: 709px) 100vw, 709px\" \/><\/figure>\n\n\n\n<p>El relevamiento del Indec pregunt\u00f3 qu\u00e9 factores limitan la capacidad para aumentar la actividad comercial y la respuesta que lider\u00f3 el ranking con el 54,2% fue el problema con la demanda. Para el pr\u00f3ximo trimestre, el 20,8% proyecta estar peor y el 68,1% que permanecer\u00e1 igual.&nbsp;<\/p>\n\n\n\n<figure class=\"wp-block-image size-full\"><img data-recalc-dims=\"1\" loading=\"lazy\" decoding=\"async\" width=\"726\" height=\"249\" data-attachment-id=\"1000023071\" data-permalink=\"https:\/\/gazzettinoitalianopatagonico.com\/?attachment_id=1000023071\" data-orig-file=\"https:\/\/i0.wp.com\/gazzettinoitalianopatagonico.com\/wp-content\/uploads\/2025\/09\/image-15.jpg?fit=726%2C249&amp;ssl=1\" data-orig-size=\"726,249\" data-comments-opened=\"0\" data-image-meta=\"{&quot;aperture&quot;:&quot;0&quot;,&quot;credit&quot;:&quot;&quot;,&quot;camera&quot;:&quot;&quot;,&quot;caption&quot;:&quot;&quot;,&quot;created_timestamp&quot;:&quot;0&quot;,&quot;copyright&quot;:&quot;&quot;,&quot;focal_length&quot;:&quot;0&quot;,&quot;iso&quot;:&quot;0&quot;,&quot;shutter_speed&quot;:&quot;0&quot;,&quot;title&quot;:&quot;&quot;,&quot;orientation&quot;:&quot;0&quot;}\" data-image-title=\"image\" data-image-description=\"\" data-image-caption=\"\" data-medium-file=\"https:\/\/i0.wp.com\/gazzettinoitalianopatagonico.com\/wp-content\/uploads\/2025\/09\/image-15.jpg?fit=300%2C103&amp;ssl=1\" data-large-file=\"https:\/\/i0.wp.com\/gazzettinoitalianopatagonico.com\/wp-content\/uploads\/2025\/09\/image-15.jpg?fit=726%2C249&amp;ssl=1\" src=\"https:\/\/i0.wp.com\/gazzettinoitalianopatagonico.com\/wp-content\/uploads\/2025\/09\/image-15.jpg?resize=726%2C249&#038;ssl=1\" alt=\"\" class=\"wp-image-1000023071\" srcset=\"https:\/\/i0.wp.com\/gazzettinoitalianopatagonico.com\/wp-content\/uploads\/2025\/09\/image-15.jpg?w=726&amp;ssl=1 726w, https:\/\/i0.wp.com\/gazzettinoitalianopatagonico.com\/wp-content\/uploads\/2025\/09\/image-15.jpg?resize=300%2C103&amp;ssl=1 300w\" sizes=\"(max-width: 726px) 100vw, 726px\" \/><\/figure>\n\n\n\n<p>&nbsp;Finalmente, en cuanto al nivel de empleo, el 20,8% asegur\u00f3 que disminuir\u00e1 y el 77,8% que no variar\u00e1.<\/p>\n\n\n\n<p>El enfriamiento de la econom\u00eda no es novedad.&nbsp; Durante el segundo trimestre del a\u00f1o, el PBI se contrajo un 0,1%. El consumo, que es el principal componente del producto interno bruto, cay\u00f3 el 1,1% en comparaci\u00f3n con el primer trimestre. Por otro lado, las exportaciones retrocedieron un 2,2% mientras que la inversi\u00f3n se redujo en un 0,5%. Este escenario coincide con lo explicitado en el \u00faltimo informe del \u00cdndice Ag Barometer de la Universidad Austral en relaci\u00f3n al sector agropecuario, con una ca\u00edda de las expectativas de inversi\u00f3n del 40%. Seg\u00fan el Centro de Investigaci\u00f3n en Finanzas, que elabora su Indice L\u00edder en base a los datos de la recaudaci\u00f3n, los despachos de cemento, la venta de autos, el precio de la soja y el comportamiento del mercado, para agosto hab\u00eda un 98% de chances de entrar en una recesi\u00f3n, cuando un mes antes ese porcentaje era del 56%. Con este nuevo informe difundido por el organismo de estad\u00edsticas oficiales, m\u00e1s que proyecci\u00f3n luce a certeza.<\/p>\n","protected":false},"excerpt":{"rendered":"<p>VEncuestas sectoriales confirman que el pa\u00eds est\u00e1 entrando en un periodo recesivo. La econom\u00eda real ya no resiste. El anuncio de Estados Unidos no detiene las expectativas de mayor p\u00e9rdida de puestos de trabajo. El plan de salvataje ag\u00f3nico que anunci\u00f3 el gobierno de Donald Trump para resguardar al presidente Javier Milei no ocultar\u00e1 el [&hellip;]<\/p>\n","protected":false},"author":1,"featured_media":1000023067,"comment_status":"closed","ping_status":"open","sticky":false,"template":"","format":"standard","meta":{"content-type":"","_jetpack_memberships_contains_paid_content":false,"jnews-multi-image_gallery":[],"jnews_single_post":{"format":"standard"},"jnews_primary_category":[],"footnotes":"","jetpack_publicize_message":"","jetpack_publicize_feature_enabled":true,"jetpack_social_post_already_shared":true,"jetpack_social_options":{"image_generator_settings":{"template":"highway","default_image_id":0,"font":"","enabled":false},"version":2}},"categories":[270],"tags":[268],"class_list":{"0":"post-1000023066","1":"post","2":"type-post","3":"status-publish","4":"format-standard","5":"has-post-thumbnail","7":"category-america-latina","8":"tag-america-latina"},"jetpack_publicize_connections":[],"jetpack_featured_media_url":"https:\/\/i0.wp.com\/gazzettinoitalianopatagonico.com\/wp-content\/uploads\/2025\/09\/image-11.jpg?fit=716%2C444&ssl=1","jetpack_likes_enabled":true,"jetpack_sharing_enabled":true,"_links":{"self":[{"href":"https:\/\/gazzettinoitalianopatagonico.com\/index.php?rest_route=\/wp\/v2\/posts\/1000023066","targetHints":{"allow":["GET"]}}],"collection":[{"href":"https:\/\/gazzettinoitalianopatagonico.com\/index.php?rest_route=\/wp\/v2\/posts"}],"about":[{"href":"https:\/\/gazzettinoitalianopatagonico.com\/index.php?rest_route=\/wp\/v2\/types\/post"}],"author":[{"embeddable":true,"href":"https:\/\/gazzettinoitalianopatagonico.com\/index.php?rest_route=\/wp\/v2\/users\/1"}],"replies":[{"embeddable":true,"href":"https:\/\/gazzettinoitalianopatagonico.com\/index.php?rest_route=%2Fwp%2Fv2%2Fcomments&post=1000023066"}],"version-history":[{"count":1,"href":"https:\/\/gazzettinoitalianopatagonico.com\/index.php?rest_route=\/wp\/v2\/posts\/1000023066\/revisions"}],"predecessor-version":[{"id":1000023072,"href":"https:\/\/gazzettinoitalianopatagonico.com\/index.php?rest_route=\/wp\/v2\/posts\/1000023066\/revisions\/1000023072"}],"wp:featuredmedia":[{"embeddable":true,"href":"https:\/\/gazzettinoitalianopatagonico.com\/index.php?rest_route=\/wp\/v2\/media\/1000023067"}],"wp:attachment":[{"href":"https:\/\/gazzettinoitalianopatagonico.com\/index.php?rest_route=%2Fwp%2Fv2%2Fmedia&parent=1000023066"}],"wp:term":[{"taxonomy":"category","embeddable":true,"href":"https:\/\/gazzettinoitalianopatagonico.com\/index.php?rest_route=%2Fwp%2Fv2%2Fcategories&post=1000023066"},{"taxonomy":"post_tag","embeddable":true,"href":"https:\/\/gazzettinoitalianopatagonico.com\/index.php?rest_route=%2Fwp%2Fv2%2Ftags&post=1000023066"}],"curies":[{"name":"wp","href":"https:\/\/api.w.org\/{rel}","templated":true}]}}