{"id":1000023059,"date":"2025-09-24T09:15:35","date_gmt":"2025-09-24T12:15:35","guid":{"rendered":"https:\/\/gazzettinoitalianopatagonico.com\/?p=1000023059"},"modified":"2025-09-24T09:15:37","modified_gmt":"2025-09-24T12:15:37","slug":"el-rescate-de-trump-a-milei-la-senadora-democrata-elizabeth-warren-acusa-a-trump-de-regalar-dinero-a-amigos-corruptos","status":"publish","type":"post","link":"https:\/\/gazzettinoitalianopatagonico.com\/?p=1000023059","title":{"rendered":"El rescate de Trump a Milei: La senadora dem\u00f3crata Elizabeth Warren acusa a Trump de \u201cregalar dinero a amigos corruptos\u201d"},"content":{"rendered":"\n<p>En un contexto de tensi\u00f3n macroecon\u00f3mica creciente en Argentina, el Gobierno de Javier Milei ha obtenido se\u00f1ales concretas de respaldo de Donald Trump, presidente de los Estados Unidos. Distintas fuentes confirman que Washington est\u00e1 considerando diversas herramientas de asistencia econ\u00f3mica para ayudar a estabilizar la econom\u00eda argentina. Este escenario refuerza debates internos en EE.UU., donde figuras como la senadora Elizabeth Warren han alzado la voz para criticar estos posibles rescates.<\/p>\n\n\n\n<figure class=\"wp-block-image size-full\"><img data-recalc-dims=\"1\" fetchpriority=\"high\" decoding=\"async\" width=\"691\" height=\"350\" data-attachment-id=\"1000023060\" data-permalink=\"https:\/\/gazzettinoitalianopatagonico.com\/?attachment_id=1000023060\" data-orig-file=\"https:\/\/i0.wp.com\/gazzettinoitalianopatagonico.com\/wp-content\/uploads\/2025\/09\/image-9.jpg?fit=691%2C350&amp;ssl=1\" data-orig-size=\"691,350\" data-comments-opened=\"0\" data-image-meta=\"{&quot;aperture&quot;:&quot;0&quot;,&quot;credit&quot;:&quot;&quot;,&quot;camera&quot;:&quot;&quot;,&quot;caption&quot;:&quot;&quot;,&quot;created_timestamp&quot;:&quot;0&quot;,&quot;copyright&quot;:&quot;&quot;,&quot;focal_length&quot;:&quot;0&quot;,&quot;iso&quot;:&quot;0&quot;,&quot;shutter_speed&quot;:&quot;0&quot;,&quot;title&quot;:&quot;&quot;,&quot;orientation&quot;:&quot;0&quot;}\" data-image-title=\"image\" data-image-description=\"\" data-image-caption=\"\" data-medium-file=\"https:\/\/i0.wp.com\/gazzettinoitalianopatagonico.com\/wp-content\/uploads\/2025\/09\/image-9.jpg?fit=300%2C152&amp;ssl=1\" data-large-file=\"https:\/\/i0.wp.com\/gazzettinoitalianopatagonico.com\/wp-content\/uploads\/2025\/09\/image-9.jpg?fit=691%2C350&amp;ssl=1\" src=\"https:\/\/i0.wp.com\/gazzettinoitalianopatagonico.com\/wp-content\/uploads\/2025\/09\/image-9.jpg?resize=691%2C350&#038;ssl=1\" alt=\"\" class=\"wp-image-1000023060\" srcset=\"https:\/\/i0.wp.com\/gazzettinoitalianopatagonico.com\/wp-content\/uploads\/2025\/09\/image-9.jpg?w=691&amp;ssl=1 691w, https:\/\/i0.wp.com\/gazzettinoitalianopatagonico.com\/wp-content\/uploads\/2025\/09\/image-9.jpg?resize=300%2C152&amp;ssl=1 300w\" sizes=\"(max-width: 691px) 100vw, 691px\" \/><\/figure>\n\n\n\n<p>El pedido de auxilio econ\u00f3mico del gobierno argentino de Javier Milei a Donald Trump, hoy presidente de Estados Unidos, ya tuvo su primera gran repercusi\u00f3n pol\u00edtica: la senadora dem\u00f3crata Elizabeth Warren critic\u00f3 duramente la iniciativa en un tuit publicado este lunes 22 de septiembre de 2025.<\/p>\n\n\n\n<p><strong>La ayuda en negociaci\u00f3n<\/strong><br>El gobierno de Milei negocia&nbsp;<strong>un pr\u00e9stamo con el Tesoro de Estados Unidos,<\/strong>&nbsp;en torno a los&nbsp;<strong>US$ 8.500 millones<\/strong>&nbsp;que Argentina debe afrontar en 2026.&nbsp;<\/p>\n\n\n\n<p><strong>Lo que se sabe: medidas en estudio<\/strong><\/p>\n\n\n\n<p><strong>1 &#8211; Herramientas financieras<\/strong><br><strong>El secretario del Tesoro de EE.UU., Scott Bessent, anunci\u00f3 que su administraci\u00f3n est\u00e1 \u201c<em>lista para apoyar<\/em>\u201d a Argentina<\/strong>&nbsp;mediante herramientas como swap de monedas, compras directas de la moneda argentina -o acciones vinculadas al peso- y adquisiciones de deuda argentina denominada en d\u00f3lares, usando el&nbsp;<strong>Exchange Stabilization Fund<\/strong>&nbsp;de EE.UU.&nbsp;<br><strong>2 &#8211; Pr\u00e9stamo del Tesoro Norteamericano<\/strong><br>El gobierno argentino estar\u00eda negociando un pr\u00e9stamo con el&nbsp;<strong>Tesoro de Estados Unidos<\/strong>. Se habla de que esos fondos se utilizar\u00edan para hacer frente a vencimientos de deuda en 2026, que ascienden a por lo menos unos&nbsp;<strong>US$ 8.500 millones.<\/strong><br><strong>3 &#8211; Encuentros diplom\u00e1ticos<\/strong><br>El presidente Milei tiene prevista una reuni\u00f3n con Trump en Nueva York durante la&nbsp;<strong>Asamblea General de Naciones Unidas<\/strong>. Se espera que ambos eval\u00faen personalmente las condiciones de cualquier apoyo.<br><strong>4 &#8211; Apoyo pol\u00edtico y respaldo institucional<\/strong><br>Washington ya ha expresado p\u00fablicamente que \u201cest\u00e1n sobre la mesa todas las opciones\u201d para ayudar a Argentina a estabilizar su econom\u00eda.<\/p>\n\n\n\n<p><strong>Las cr\u00edticas de Warren y el frente dem\u00f3crata<\/strong><br>El mensaje de Warren marca el inicio de lo que promete ser un debate intenso en el Congreso estadounidense.<\/p>\n\n\n\n<p><strong>Tres puntos concentran la cr\u00edtica dem\u00f3crata:<\/strong><\/p>\n\n\n\n<p><strong>*Impacto en el consumidor:<\/strong>&nbsp;Warren vincula pol\u00edticas comerciales de Trump con aumentos de precios internos (caf\u00e9, carne), sugiriendo que la ayuda exterior tiene consecuencias en la vida cotidiana de los estadounidenses.<br><strong>*Legitimidad pol\u00edtica:&nbsp;<\/strong>al calificar a Milei como \u201c<strong><em>amigo corrupto<\/em><\/strong>\u201d, cuestiona no solo la transparencia del gobierno argentino, sino tambi\u00e9n la pertinencia de destinar fondos federales a sostenerlo.<br><strong>*Uso del dinero p\u00fablico:<\/strong>&nbsp;plantea que los contribuyentes estadounidenses no deber\u00edan financiar rescates externos mientras persisten problemas sociales y econ\u00f3micos dentro de<strong>&nbsp;EE.UU<\/strong>.<br>&nbsp;<br>Una grieta exportada<\/p>\n\n\n\n<p>En Washington, el respaldo a Milei se enmarca en la afinidad ideol\u00f3gica entre ambos presidentes. Para Trump, el l\u00edder argentino es una pieza clave de su red de aliados en Am\u00e9rica Latina. Para los dem\u00f3cratas, en cambio, representa un gasto injustificado que erosiona la credibilidad de la pol\u00edtica exterior. La pol\u00e9mica expone una grieta exportada: as\u00ed como en Argentina Milei divide aguas, en EE.UU. su figura tambi\u00e9n alimenta la disputa interna entre republicanos y dem\u00f3cratas.<\/p>\n\n\n\n<p>El dilema argentino<\/p>\n\n\n\n<p>Para Milei, el apoyo norteamericano es una tabla de salvaci\u00f3n en un contexto de reservas en ca\u00edda y vencimientos de deuda que ponen en jaque su programa econ\u00f3mico. Pero la ayuda, de concretarse, vendr\u00e1 con condiciones y bajo el escrutinio del Congreso estadounidense. La pregunta de fondo sigue abierta: \u00bfser\u00e1 la ayuda de Trump un sost\u00e9n efectivo para Argentina o solo un intento de sostener a Milei ante un escenario electoral negativo y un nuevo cap\u00edtulo en la dependencia econ\u00f3mica y pol\u00edtica del pa\u00eds frente a Washington?<\/p>\n","protected":false},"excerpt":{"rendered":"<p>En un contexto de tensi\u00f3n macroecon\u00f3mica creciente en Argentina, el Gobierno de Javier Milei ha obtenido se\u00f1ales concretas de respaldo de Donald Trump, presidente de los Estados Unidos. Distintas fuentes confirman que Washington est\u00e1 considerando diversas herramientas de asistencia econ\u00f3mica para ayudar a estabilizar la econom\u00eda argentina. Este escenario refuerza debates internos en EE.UU., donde [&hellip;]<\/p>\n","protected":false},"author":1,"featured_media":1000023060,"comment_status":"closed","ping_status":"open","sticky":false,"template":"","format":"standard","meta":{"content-type":"","_jetpack_memberships_contains_paid_content":false,"jnews-multi-image_gallery":[],"jnews_single_post":{"format":"standard"},"jnews_primary_category":[],"footnotes":"","jetpack_publicize_message":"","jetpack_publicize_feature_enabled":true,"jetpack_social_post_already_shared":true,"jetpack_social_options":{"image_generator_settings":{"template":"highway","default_image_id":0,"font":"","enabled":false},"version":2}},"categories":[270],"tags":[268],"class_list":{"0":"post-1000023059","1":"post","2":"type-post","3":"status-publish","4":"format-standard","5":"has-post-thumbnail","7":"category-america-latina","8":"tag-america-latina"},"jetpack_publicize_connections":[],"jetpack_featured_media_url":"https:\/\/i0.wp.com\/gazzettinoitalianopatagonico.com\/wp-content\/uploads\/2025\/09\/image-9.jpg?fit=691%2C350&ssl=1","jetpack_likes_enabled":true,"jetpack_sharing_enabled":true,"_links":{"self":[{"href":"https:\/\/gazzettinoitalianopatagonico.com\/index.php?rest_route=\/wp\/v2\/posts\/1000023059","targetHints":{"allow":["GET"]}}],"collection":[{"href":"https:\/\/gazzettinoitalianopatagonico.com\/index.php?rest_route=\/wp\/v2\/posts"}],"about":[{"href":"https:\/\/gazzettinoitalianopatagonico.com\/index.php?rest_route=\/wp\/v2\/types\/post"}],"author":[{"embeddable":true,"href":"https:\/\/gazzettinoitalianopatagonico.com\/index.php?rest_route=\/wp\/v2\/users\/1"}],"replies":[{"embeddable":true,"href":"https:\/\/gazzettinoitalianopatagonico.com\/index.php?rest_route=%2Fwp%2Fv2%2Fcomments&post=1000023059"}],"version-history":[{"count":1,"href":"https:\/\/gazzettinoitalianopatagonico.com\/index.php?rest_route=\/wp\/v2\/posts\/1000023059\/revisions"}],"predecessor-version":[{"id":1000023061,"href":"https:\/\/gazzettinoitalianopatagonico.com\/index.php?rest_route=\/wp\/v2\/posts\/1000023059\/revisions\/1000023061"}],"wp:featuredmedia":[{"embeddable":true,"href":"https:\/\/gazzettinoitalianopatagonico.com\/index.php?rest_route=\/wp\/v2\/media\/1000023060"}],"wp:attachment":[{"href":"https:\/\/gazzettinoitalianopatagonico.com\/index.php?rest_route=%2Fwp%2Fv2%2Fmedia&parent=1000023059"}],"wp:term":[{"taxonomy":"category","embeddable":true,"href":"https:\/\/gazzettinoitalianopatagonico.com\/index.php?rest_route=%2Fwp%2Fv2%2Fcategories&post=1000023059"},{"taxonomy":"post_tag","embeddable":true,"href":"https:\/\/gazzettinoitalianopatagonico.com\/index.php?rest_route=%2Fwp%2Fv2%2Ftags&post=1000023059"}],"curies":[{"name":"wp","href":"https:\/\/api.w.org\/{rel}","templated":true}]}}