{"id":1000023053,"date":"2025-09-23T10:36:45","date_gmt":"2025-09-23T13:36:45","guid":{"rendered":"https:\/\/gazzettinoitalianopatagonico.com\/?p=1000023053"},"modified":"2025-09-23T10:36:47","modified_gmt":"2025-09-23T13:36:47","slug":"beatrice-venezi-e-la-nuova-direttrice-musicale-del-teatro-la-fenice-di-venezia","status":"publish","type":"post","link":"https:\/\/gazzettinoitalianopatagonico.com\/?p=1000023053","title":{"rendered":"Beatrice Venezi \u00e8 la nuova direttrice musicale del Teatro La Fenice di Venezia"},"content":{"rendered":"\n<p>La Fondazione Teatro La Fenice ha scelto Beatrice Venezi come sua nuova direttrice musicale, con una decisione unanime da parte del Consiglio di Indirizzo. La direttrice d&#8217;orchestra e pianista toscana \u00e8 una delle poche figure femminili a ricoprire ruoli di vertice nei grandi teatri lirici internazionali.<\/p>\n\n\n\n<p>La scelta di Venezi \u00e8 stata accolta con grande soddisfazione. \u00abUna donna che a soli 35 anni ottiene un meritato e prestigioso successo. E&#8217; una grande notizia anche perch\u00e9 la Venezi \u00e8 una delle poche donne al mondo ad assurgere ad un incarico di vertice nell&#8217;ambito dei teatri lirici, confermando cos\u00ec la vocazione di Venezia e del Veneto a valorizzare in ogni occasione la figura femminile\u00bb, dice il presidente del Veneto, Luca Zaia. \u00abAuguro a Venezi i migliori successi nel prosieguo di una carriera gi\u00e0 estremamente prestigiosa. La sua giovane et\u00e0- conclude- costituisce anche un grande esempio per i ragazzi e le ragazze che abbiano un&#8217;aspirazione nella vita: l&#8217;impegno e le qualit\u00e0 personali pagano sempre\u00bb.<\/p>\n\n\n\n<p>\u00abSono sicuro che Beatrice Venezi dar\u00e0 il suo contributo con la dedizione, la professionalit\u00e0 e la creativit\u00e0 richieste dal suo ruolo. Al Sovrintendente Nicola Colabianchi i miei pi\u00f9 sentiti complimenti per la scelta lungimirante\u00bb, scrive in una nota il ministro della Cultura, Alessandro Giuli.<\/p>\n\n\n\n<p>Maria Anzalone<\/p>\n","protected":false},"excerpt":{"rendered":"<p>La Fondazione Teatro La Fenice ha scelto Beatrice Venezi come sua nuova direttrice musicale, con una decisione unanime da parte del Consiglio di Indirizzo. La direttrice d&#8217;orchestra e pianista toscana \u00e8 una delle poche figure femminili a ricoprire ruoli di vertice nei grandi teatri lirici internazionali. La scelta di Venezi \u00e8 stata accolta con grande [&hellip;]<\/p>\n","protected":false},"author":1,"featured_media":1000023054,"comment_status":"closed","ping_status":"open","sticky":false,"template":"","format":"standard","meta":{"content-type":"","_jetpack_memberships_contains_paid_content":false,"jnews-multi-image_gallery":[],"jnews_single_post":{"format":"standard"},"jnews_primary_category":[],"footnotes":"","jetpack_publicize_message":"","jetpack_publicize_feature_enabled":true,"jetpack_social_post_already_shared":true,"jetpack_social_options":{"image_generator_settings":{"template":"highway","default_image_id":0,"font":"","enabled":false},"version":2}},"categories":[255],"tags":[],"class_list":{"0":"post-1000023053","1":"post","2":"type-post","3":"status-publish","4":"format-standard","5":"has-post-thumbnail","7":"category-sociales"},"jetpack_publicize_connections":[],"jetpack_featured_media_url":"https:\/\/i0.wp.com\/gazzettinoitalianopatagonico.com\/wp-content\/uploads\/2025\/09\/FOTO-SINGOLA-SITO-2025-09-22T173640.953-1024x576-1.jpg?fit=1024%2C576&ssl=1","jetpack_likes_enabled":true,"jetpack_sharing_enabled":true,"_links":{"self":[{"href":"https:\/\/gazzettinoitalianopatagonico.com\/index.php?rest_route=\/wp\/v2\/posts\/1000023053","targetHints":{"allow":["GET"]}}],"collection":[{"href":"https:\/\/gazzettinoitalianopatagonico.com\/index.php?rest_route=\/wp\/v2\/posts"}],"about":[{"href":"https:\/\/gazzettinoitalianopatagonico.com\/index.php?rest_route=\/wp\/v2\/types\/post"}],"author":[{"embeddable":true,"href":"https:\/\/gazzettinoitalianopatagonico.com\/index.php?rest_route=\/wp\/v2\/users\/1"}],"replies":[{"embeddable":true,"href":"https:\/\/gazzettinoitalianopatagonico.com\/index.php?rest_route=%2Fwp%2Fv2%2Fcomments&post=1000023053"}],"version-history":[{"count":1,"href":"https:\/\/gazzettinoitalianopatagonico.com\/index.php?rest_route=\/wp\/v2\/posts\/1000023053\/revisions"}],"predecessor-version":[{"id":1000023055,"href":"https:\/\/gazzettinoitalianopatagonico.com\/index.php?rest_route=\/wp\/v2\/posts\/1000023053\/revisions\/1000023055"}],"wp:featuredmedia":[{"embeddable":true,"href":"https:\/\/gazzettinoitalianopatagonico.com\/index.php?rest_route=\/wp\/v2\/media\/1000023054"}],"wp:attachment":[{"href":"https:\/\/gazzettinoitalianopatagonico.com\/index.php?rest_route=%2Fwp%2Fv2%2Fmedia&parent=1000023053"}],"wp:term":[{"taxonomy":"category","embeddable":true,"href":"https:\/\/gazzettinoitalianopatagonico.com\/index.php?rest_route=%2Fwp%2Fv2%2Fcategories&post=1000023053"},{"taxonomy":"post_tag","embeddable":true,"href":"https:\/\/gazzettinoitalianopatagonico.com\/index.php?rest_route=%2Fwp%2Fv2%2Ftags&post=1000023053"}],"curies":[{"name":"wp","href":"https:\/\/api.w.org\/{rel}","templated":true}]}}