{"id":1000023035,"date":"2025-09-23T10:22:18","date_gmt":"2025-09-23T13:22:18","guid":{"rendered":"https:\/\/gazzettinoitalianopatagonico.com\/?p=1000023035"},"modified":"2025-09-23T10:22:20","modified_gmt":"2025-09-23T13:22:20","slug":"in-arrivo-la-one-piece-week-talk-promozioni-novita-per-il-piu-longevo-dei-manga","status":"publish","type":"post","link":"https:\/\/gazzettinoitalianopatagonico.com\/?p=1000023035","title":{"rendered":"In arrivo la One Piece Week: talk, promozioni, novit\u00e0 per il pi\u00f9 longevo dei manga"},"content":{"rendered":"\n<p>Fan della ciurma di Cappello di Paglia, tenetevi forte: \u00e8 ai blocchi di partenza la \u00abOne Piece Week\u00bb, una settimana di eventi, promozioni e novit\u00e0 in tutta Italia pensata per celebrare uno dei manga di maggior successo della storia dei fumetti giapponesi. L&#8217;opera scritta e disegnata da Eiichiro Oda e la sua incredibile epopea piratesca, nonostante sia iniziata da oltre 25 anni, non smette infatti di entusiasmare milioni di lettori di diverse generazioni. Per celebrarlo come merita, la casa editrice Star Comics inaugura la One Piece Week con un programma di iniziative, promozioni, novit\u00e0 editoriali ed eventi per i lettori e fan.<\/p>\n\n\n\n<p>TALK A MILANO E RAVENNA<\/p>\n\n\n\n<p>Due i talk dedicati a One Piece: venerd\u00ec 26 e sabato 27 settembre, dalle ore 17.30, tutti i fan sono invitati prima alla libreria Mondadori di piazza del Duomo, e il giorno dopo alla fumetteria Kazuma di Ravenna, in Viale Francesco Baracca, per ripercorrere la \u00abGrande Rotta\u00bb che ha tracciato il manga di Rufy &amp; co. Ad accompagnare il pubblico in questo viaggio saranno Cristian Posocco, publishing manager di Star Comics, il content creator Angelo Cavallaro (in arte, Sommobuta) e Alessandro Falciatore (AnimeClick.it).<\/p>\n\n\n\n<p>NUOVE USCITE, OMAGGI E PROMOZIONI<\/p>\n\n\n\n<p>Ancora prima, a dare il via ai festeggiamenti, il 23 settembre sar\u00e0 l&#8217;uscita di One Piece n. 111, disponibile sia in edizione regular, sia in una variant cover. A queste, si aggiungono due novit\u00e0, in uscita lo stesso giorno. Si tratta del primo volume di One Piece Campus, spin-off comico che catapulta i personaggi della serie dal Grande Blu ai banchi di scuola. A completare le novit\u00e0 della settimana, One Piece Novel \u2013 Heroines: una raccolta di storie in cui alcuni tra i personaggi femminili pi\u00f9 amati della saga diventano protagonisti di vicende mai raccontate prima. Poi le promozioni per i fan: dal 23 al 30 settembre, chi acquister\u00e0 3 volumi legati al franchise di One Piece (esclusi gli Anime Comics e i romanzi tratti dai film) nelle fumetterie aderenti e nelle librerie Mondadori ricever\u00e0 in omaggio uno shikishi da collezione che raffigura l&#8217;iconico Gear Fifth. In particolare, chi acquister\u00e0 presto le librerie Mondatori ricever\u00e0 in omaggio uno shikishi con un&#8217;illustrazione diversa, altrettanto iconica: Rufy che presenta a tutti, per la prima volta, la bandiera della ciurma.<\/p>\n\n\n\n<p>Nadia Castelli<\/p>\n","protected":false},"excerpt":{"rendered":"<p>Fan della ciurma di Cappello di Paglia, tenetevi forte: \u00e8 ai blocchi di partenza la \u00abOne Piece Week\u00bb, una settimana di eventi, promozioni e novit\u00e0 in tutta Italia pensata per celebrare uno dei manga di maggior successo della storia dei fumetti giapponesi. L&#8217;opera scritta e disegnata da Eiichiro Oda e la sua incredibile epopea piratesca, [&hellip;]<\/p>\n","protected":false},"author":1,"featured_media":1000023036,"comment_status":"closed","ping_status":"open","sticky":false,"template":"","format":"standard","meta":{"content-type":"","_jetpack_memberships_contains_paid_content":false,"jnews-multi-image_gallery":[],"jnews_single_post":{"format":"standard"},"jnews_primary_category":[],"footnotes":"","jetpack_publicize_message":"","jetpack_publicize_feature_enabled":true,"jetpack_social_post_already_shared":true,"jetpack_social_options":{"image_generator_settings":{"template":"highway","default_image_id":0,"font":"","enabled":false},"version":2}},"categories":[9],"tags":[],"class_list":{"0":"post-1000023035","1":"post","2":"type-post","3":"status-publish","4":"format-standard","5":"has-post-thumbnail","7":"category-cultura"},"jetpack_publicize_connections":[],"jetpack_featured_media_url":"https:\/\/i0.wp.com\/gazzettinoitalianopatagonico.com\/wp-content\/uploads\/2025\/09\/one-piece-1024x771-1.jpg?fit=1024%2C771&ssl=1","jetpack_likes_enabled":true,"jetpack_sharing_enabled":true,"_links":{"self":[{"href":"https:\/\/gazzettinoitalianopatagonico.com\/index.php?rest_route=\/wp\/v2\/posts\/1000023035","targetHints":{"allow":["GET"]}}],"collection":[{"href":"https:\/\/gazzettinoitalianopatagonico.com\/index.php?rest_route=\/wp\/v2\/posts"}],"about":[{"href":"https:\/\/gazzettinoitalianopatagonico.com\/index.php?rest_route=\/wp\/v2\/types\/post"}],"author":[{"embeddable":true,"href":"https:\/\/gazzettinoitalianopatagonico.com\/index.php?rest_route=\/wp\/v2\/users\/1"}],"replies":[{"embeddable":true,"href":"https:\/\/gazzettinoitalianopatagonico.com\/index.php?rest_route=%2Fwp%2Fv2%2Fcomments&post=1000023035"}],"version-history":[{"count":1,"href":"https:\/\/gazzettinoitalianopatagonico.com\/index.php?rest_route=\/wp\/v2\/posts\/1000023035\/revisions"}],"predecessor-version":[{"id":1000023037,"href":"https:\/\/gazzettinoitalianopatagonico.com\/index.php?rest_route=\/wp\/v2\/posts\/1000023035\/revisions\/1000023037"}],"wp:featuredmedia":[{"embeddable":true,"href":"https:\/\/gazzettinoitalianopatagonico.com\/index.php?rest_route=\/wp\/v2\/media\/1000023036"}],"wp:attachment":[{"href":"https:\/\/gazzettinoitalianopatagonico.com\/index.php?rest_route=%2Fwp%2Fv2%2Fmedia&parent=1000023035"}],"wp:term":[{"taxonomy":"category","embeddable":true,"href":"https:\/\/gazzettinoitalianopatagonico.com\/index.php?rest_route=%2Fwp%2Fv2%2Fcategories&post=1000023035"},{"taxonomy":"post_tag","embeddable":true,"href":"https:\/\/gazzettinoitalianopatagonico.com\/index.php?rest_route=%2Fwp%2Fv2%2Ftags&post=1000023035"}],"curies":[{"name":"wp","href":"https:\/\/api.w.org\/{rel}","templated":true}]}}