{"id":1000022229,"date":"2025-09-02T09:21:54","date_gmt":"2025-09-02T12:21:54","guid":{"rendered":"https:\/\/gazzettinoitalianopatagonico.com\/?p=1000022229"},"modified":"2025-09-02T09:21:56","modified_gmt":"2025-09-02T12:21:56","slug":"al-lavoro-dopo-le-ferie-gestire-lansia-da-rientro-e-possibile-ecco-come-fare","status":"publish","type":"post","link":"https:\/\/gazzettinoitalianopatagonico.com\/?p=1000022229","title":{"rendered":"Al lavoro dopo le ferie: gestire l&#8217;ansia da rientro \u00e8 possibile. Ecco come fare"},"content":{"rendered":"\n<p>&nbsp;Il ritorno al lavoro dopo le vacanze pu\u00f2 generare stress. Un malessere psicofisico chiamato &#8216;back to work blues&#8217; e che, stando all&#8217;ultimo report dell&#8217;Istat, colpisce un italiano su tre. Dopo aver staccato la spina dal lavoro e dagli obblighi della vita quotidiana, non solo il rientro alla normalit\u00e0 pu\u00f2 diventare davvero stressante, ma la preoccupazione per il ritorno a casa pu\u00f2 iniziare gi\u00e0 qualche giorno prima che le ferie si concludano. Il lavoro che ricomincia, la posta elettronica con centinaia di email da leggere, le call in agenda, per non parlare della gestione della famiglia, dai bambini agli anziani fragili. Ma c&#8217;\u00e8 una buona notizia. \u00abGestire l&#8217;ansia da rientro \u00e8 possibile\u00bb, dice Emi Bondi, della Societ\u00e0 italiana di psichiatria. Ecco come fare.<\/p>\n\n\n\n<p>\u00abLa prima regola- spiega- \u00e8 gradualit\u00e0. Un esempio? Prendere il caff\u00e8 seduti anzich\u00e9 in piedi prima di andare al lavoro, non si perde tempo ma concedersi pochi minuti aiuta a combattere lo stress\u00bb. \u00c8 il primo dei consigli dell&#8217;esperta. Se tornare alla vita ordinaria dopo un periodo di ferie all&#8217;aria aperta porta con s\u00e9 nervosismo, facile irritabilit\u00e0, sbalzi di umore, calo della concentrazione e dell&#8217;attenzione \u00aballora ci si deve interrogare- sottolinea- Se siamo molto stanchi al rientro significa che in vacanza non ci siamo riposati. Vanno bene le serate con amici e familiari, giusto concedersi uscite fino a tardi, purch\u00e9 lo si faccia ogni tanto. Guai a stravolgere le nostre abitudini, dal buon sonno all&#8217;alimentazione sana\u00bb. \u00abDobbiamo avere pi\u00f9 cura di noi tutto l&#8217;anno\u2013 conclude la psichiatra- quindi evitare di imbattersi in vacanze pi\u00f9 faticose e impegnative del nostro lavoro\u00bb.<\/p>\n\n\n\n<p>Anche l&#8217;Ordine dei medici di Firenze si lancia in una girandola di consigli per rendere pi\u00f9 leggero il rientro post ferie. Come \u00abanticipare di un paio di giorni, se possibile, il ritorno per adattarsi gradualmente\u00bb ai ritmi del quotidiano. Oppure \u00abaffrontare gli impegni in modo progressivo senza pretendere tutto e subito\u00bb. E ancora: \u00abOrganizzare le attivit\u00e0 per priorit\u00e0, curare il sonno, l&#8217;alimentazione e l&#8217;attivit\u00e0 fisica, concedersi piccoli spazi personali e condividere il proprio stato d&#8217;animo con amici o colleghi\u00bb. Secondo i medici, infatti, \u00abil passaggio repentino dalla vita lenta e rilassata delle ferie ai ritmi serrati e carichi di responsabilit\u00e0 del lavoro pu\u00f2 avere effetti su umore, energia e motivazione, con sintomi diffusi come stanchezza persistente, insonnia, nervosismo, calo della concentrazione e tensioni muscolari\u00bb. Non si tratta di un segno di debolezza, si evidenzia, \u00abma di una risposta fisiologica al cambiamento, che solitamente tende a risolversi nel giro di una o due settimane. Tuttavia, se i sintomi persistono oltre questo periodo e compromettono la qualit\u00e0 della vita, \u00e8 opportuno rivolgersi a uno specialista per evitare che lo stress si trasformi in un problema cronico come il burnout\u00bb.<\/p>\n\n\n\n<p>Serena Tropea<\/p>\n","protected":false},"excerpt":{"rendered":"<p>&nbsp;Il ritorno al lavoro dopo le vacanze pu\u00f2 generare stress. Un malessere psicofisico chiamato &#8216;back to work blues&#8217; e che, stando all&#8217;ultimo report dell&#8217;Istat, colpisce un italiano su tre. Dopo aver staccato la spina dal lavoro e dagli obblighi della vita quotidiana, non solo il rientro alla normalit\u00e0 pu\u00f2 diventare davvero stressante, ma la preoccupazione [&hellip;]<\/p>\n","protected":false},"author":1,"featured_media":1000022230,"comment_status":"closed","ping_status":"open","sticky":false,"template":"","format":"standard","meta":{"content-type":"","_jetpack_memberships_contains_paid_content":false,"jnews-multi-image_gallery":[],"jnews_single_post":{"format":"standard"},"jnews_primary_category":[],"footnotes":"","jetpack_publicize_message":"","jetpack_publicize_feature_enabled":true,"jetpack_social_post_already_shared":true,"jetpack_social_options":{"image_generator_settings":{"template":"highway","default_image_id":0,"font":"","enabled":false},"version":2}},"categories":[43],"tags":[],"class_list":{"0":"post-1000022229","1":"post","2":"type-post","3":"status-publish","4":"format-standard","5":"has-post-thumbnail","7":"category-salud"},"jetpack_publicize_connections":[],"jetpack_featured_media_url":"https:\/\/i0.wp.com\/gazzettinoitalianopatagonico.com\/wp-content\/uploads\/2025\/09\/FOTO-SINGOLA-SITO-2025-08-31T160004.388-1024x576-1.jpg?fit=1024%2C576&ssl=1","jetpack_likes_enabled":true,"jetpack_sharing_enabled":true,"_links":{"self":[{"href":"https:\/\/gazzettinoitalianopatagonico.com\/index.php?rest_route=\/wp\/v2\/posts\/1000022229","targetHints":{"allow":["GET"]}}],"collection":[{"href":"https:\/\/gazzettinoitalianopatagonico.com\/index.php?rest_route=\/wp\/v2\/posts"}],"about":[{"href":"https:\/\/gazzettinoitalianopatagonico.com\/index.php?rest_route=\/wp\/v2\/types\/post"}],"author":[{"embeddable":true,"href":"https:\/\/gazzettinoitalianopatagonico.com\/index.php?rest_route=\/wp\/v2\/users\/1"}],"replies":[{"embeddable":true,"href":"https:\/\/gazzettinoitalianopatagonico.com\/index.php?rest_route=%2Fwp%2Fv2%2Fcomments&post=1000022229"}],"version-history":[{"count":1,"href":"https:\/\/gazzettinoitalianopatagonico.com\/index.php?rest_route=\/wp\/v2\/posts\/1000022229\/revisions"}],"predecessor-version":[{"id":1000022231,"href":"https:\/\/gazzettinoitalianopatagonico.com\/index.php?rest_route=\/wp\/v2\/posts\/1000022229\/revisions\/1000022231"}],"wp:featuredmedia":[{"embeddable":true,"href":"https:\/\/gazzettinoitalianopatagonico.com\/index.php?rest_route=\/wp\/v2\/media\/1000022230"}],"wp:attachment":[{"href":"https:\/\/gazzettinoitalianopatagonico.com\/index.php?rest_route=%2Fwp%2Fv2%2Fmedia&parent=1000022229"}],"wp:term":[{"taxonomy":"category","embeddable":true,"href":"https:\/\/gazzettinoitalianopatagonico.com\/index.php?rest_route=%2Fwp%2Fv2%2Fcategories&post=1000022229"},{"taxonomy":"post_tag","embeddable":true,"href":"https:\/\/gazzettinoitalianopatagonico.com\/index.php?rest_route=%2Fwp%2Fv2%2Ftags&post=1000022229"}],"curies":[{"name":"wp","href":"https:\/\/api.w.org\/{rel}","templated":true}]}}