{"id":1000022226,"date":"2025-09-02T09:20:02","date_gmt":"2025-09-02T12:20:02","guid":{"rendered":"https:\/\/gazzettinoitalianopatagonico.com\/?p=1000022226"},"modified":"2025-09-02T09:20:05","modified_gmt":"2025-09-02T12:20:05","slug":"attacco-dalla-francia-bayrou-litalia-fa-dumping-fiscale-meloni-accuse-infondate","status":"publish","type":"post","link":"https:\/\/gazzettinoitalianopatagonico.com\/?p=1000022226","title":{"rendered":"&#8216;Attacco&#8217; dalla Francia, Bayrou: \u00abL&#8217;Italia fa dumping fiscale\u00bb, Meloni: \u00abAccuse infondate\u00bb"},"content":{"rendered":"\n<p>L&#8217;intervista del primo ministro francese Francois Bayrou, finito nel mirino del governo italiano e maggioranza, \u00e8 stato l&#8217;estremo tentativo di \u00absalvare il salvabile\u00bb, prima del voto di fiducia atteso per il prossimo 8 settembre che decreter\u00e0 la fine del governo d&#8217;oltralpe. E tra le tante cose dette per cercare l&#8217;insperato accordo tra i partiti, se l&#8217;\u00e8 presa con i &#8216;vicini di casa&#8217;.<\/p>\n\n\n\n<p>SOTTO ACCUSA IL &#8216;NOMADISMO FISCALE&#8217; VERSO IL BELPAESE<\/p>\n\n\n\n<p>Parlando del bilancio catastrofico del suo Paese, tra i fattori scatenanti e possibili soluzioni, \u00e8 saltata fuori quella frase-accusa che mette alla graticola l&#8217;Italia: ovvero il primo ministro ha sostenuto che i cittadini francesi pi\u00f9 facoltosi lascerebbero la Francia \u00abperch\u00e9 ormai esiste una specie di, come si dice, nomadismo fiscale per cui i contribuenti vanno a vivere dove (gli conviene)- e poi la stoccata finale- L&#8217;Italia oggi sta facendo una politica di dumping fiscale\u00bb. Insomma, i francesi benestanti deciderebbero di trasferirsi nel Belpaese, non per le sue bellezze, per la gastronomia, per il clima pi\u00f9 mite, ma perch\u00e9 attratti da tasse pi\u00f9 basse di quelle che pagano in Francia. Sul punto non ci sono domande dei cronisti e l&#8217;intervista va avanti passando ad altro, ma di certo a Palazzo Chigi si \u00e8 accesa una spia. Tant&#8217;\u00e8 che poche ore dopo, \u00e8 la premier Giorgia Meloni che prende di petto la faccenda e pubblica su X la sua replica, senza tanti fronzoli.<\/p>\n\n\n\n<p>PREMIER MELONI: \u00abAFFERMAZIONI INFONDATE, NOI PENALIZZATI DAI PARADISI FISCALI EUROPEI\u00bb<\/p>\n\n\n\n<p>\u00abStupiscono le affermazioni, totalmente infondate, del primo ministro francese Francois Bayrou, secondo le quali l&#8217;Italia starebbe facendo &#8216;dumping fiscale&#8217;, penalizzando la Francia\u00bb, \u00e8 l&#8217;incipit. \u00abL&#8217;economia italiana \u00e8 attrattiva e va meglio di altre grazie alla stabilit\u00e0 e credibilit\u00e0 della nostra Nazione\u00bb, risponde sottolineando piuttosto i meriti. \u00abL&#8217;Italia non applica politiche di immotivato favore fiscale per attrarre aziende europee e, con questo Governo, ha addirittura raddoppiato l&#8217;onere fiscale forfettario in vigore dal 2016 a carico delle persone fisiche che trasferiscono la residenza in Italia- chiarisce- L&#8217;Italia \u00e8 piuttosto, da molti anni, penalizzata dai cosiddetti &#8216;paradisi fiscali europei&#8217;, che sottraggono alle nostre casse pubbliche ingenti risorse\u00bb. Ribalta quindi la frittata, mirando direttamente a Paesi pi\u00f9 &#8216;affini&#8217; alla Francia che per\u00f2 non cita (per esempio il principato di Monaco) e richiamando Parigi a un impegno comune. \u00abConfidiamo che, dopo queste affermazioni del suo primo ministro- prosegue infatti- la Francia voglia finalmente unirsi all&#8217;Italia per intervenire in sede di Unione Europea contro quegli Stati membri che applicano da sempre un sistematico dumping fiscale\u00bb, e aggiunge, in stile colpo finale \u00abcon la compiacenza di alcuni Stati europei\u00bb.<\/p>\n\n\n\n<p>LE REAZIONI DI LEGA E FORZA ITALIA<\/p>\n\n\n\n<p>Dopo il recente incidente diplomatico tra Francia e Italia, innescato dal ministro Salvini, questa volta il raid \u00e8 partito dunque dal premier francese. all&#8217;indirizzo del governo italiano. E dopo la risposta della premier, parte l&#8217;assalto della fanteria di maggioranza: la Lega in una nota punta il dito contro il \u00abgrave e inaccettabile attacco all&#8217;Italia, ai suoi imprenditori e ai suoi lavoratori, da parte di un governo francese ormai in piena crisi. Lasciamo a loro nervosismo e polemiche, noi preferiamo lavorare\u00bb. Anche Forza Italia reagisce, con le parole del vicepresidente del Consiglio e ministro degli Affari esteri Antonio Tajani che, intervistato dal Messaggero, si dice \u00absbalordito per un&#8217;accusa frutto di un ragionamento totalmente sbagliato\u00bb. E poi riprende il discorso iniziato da Meloni: \u00abCi sono altri, veri paradisi fiscali in Europa, ci sono altre profonde anomalie nella Ue che andrebbero corrette\u00bb.<\/p>\n\n\n\n<p>Maria Anzalone<\/p>\n","protected":false},"excerpt":{"rendered":"<p>L&#8217;intervista del primo ministro francese Francois Bayrou, finito nel mirino del governo italiano e maggioranza, \u00e8 stato l&#8217;estremo tentativo di \u00absalvare il salvabile\u00bb, prima del voto di fiducia atteso per il prossimo 8 settembre che decreter\u00e0 la fine del governo d&#8217;oltralpe. E tra le tante cose dette per cercare l&#8217;insperato accordo tra i partiti, se [&hellip;]<\/p>\n","protected":false},"author":1,"featured_media":1000022227,"comment_status":"closed","ping_status":"open","sticky":false,"template":"","format":"standard","meta":{"content-type":"","_jetpack_memberships_contains_paid_content":false,"jnews-multi-image_gallery":[],"jnews_single_post":{"format":"standard"},"jnews_primary_category":[],"footnotes":"","jetpack_publicize_message":"","jetpack_publicize_feature_enabled":true,"jetpack_social_post_already_shared":true,"jetpack_social_options":{"image_generator_settings":{"template":"highway","default_image_id":0,"font":"","enabled":false},"version":2}},"categories":[46,32],"tags":[],"class_list":{"0":"post-1000022226","1":"post","2":"type-post","3":"status-publish","4":"format-standard","5":"has-post-thumbnail","7":"category-italia","8":"category-politica"},"jetpack_publicize_connections":[],"jetpack_featured_media_url":"https:\/\/i0.wp.com\/gazzettinoitalianopatagonico.com\/wp-content\/uploads\/2025\/09\/bayrou-meloni-1024x576-1.jpg?fit=1024%2C576&ssl=1","jetpack_likes_enabled":true,"jetpack_sharing_enabled":true,"_links":{"self":[{"href":"https:\/\/gazzettinoitalianopatagonico.com\/index.php?rest_route=\/wp\/v2\/posts\/1000022226","targetHints":{"allow":["GET"]}}],"collection":[{"href":"https:\/\/gazzettinoitalianopatagonico.com\/index.php?rest_route=\/wp\/v2\/posts"}],"about":[{"href":"https:\/\/gazzettinoitalianopatagonico.com\/index.php?rest_route=\/wp\/v2\/types\/post"}],"author":[{"embeddable":true,"href":"https:\/\/gazzettinoitalianopatagonico.com\/index.php?rest_route=\/wp\/v2\/users\/1"}],"replies":[{"embeddable":true,"href":"https:\/\/gazzettinoitalianopatagonico.com\/index.php?rest_route=%2Fwp%2Fv2%2Fcomments&post=1000022226"}],"version-history":[{"count":1,"href":"https:\/\/gazzettinoitalianopatagonico.com\/index.php?rest_route=\/wp\/v2\/posts\/1000022226\/revisions"}],"predecessor-version":[{"id":1000022228,"href":"https:\/\/gazzettinoitalianopatagonico.com\/index.php?rest_route=\/wp\/v2\/posts\/1000022226\/revisions\/1000022228"}],"wp:featuredmedia":[{"embeddable":true,"href":"https:\/\/gazzettinoitalianopatagonico.com\/index.php?rest_route=\/wp\/v2\/media\/1000022227"}],"wp:attachment":[{"href":"https:\/\/gazzettinoitalianopatagonico.com\/index.php?rest_route=%2Fwp%2Fv2%2Fmedia&parent=1000022226"}],"wp:term":[{"taxonomy":"category","embeddable":true,"href":"https:\/\/gazzettinoitalianopatagonico.com\/index.php?rest_route=%2Fwp%2Fv2%2Fcategories&post=1000022226"},{"taxonomy":"post_tag","embeddable":true,"href":"https:\/\/gazzettinoitalianopatagonico.com\/index.php?rest_route=%2Fwp%2Fv2%2Ftags&post=1000022226"}],"curies":[{"name":"wp","href":"https:\/\/api.w.org\/{rel}","templated":true}]}}