{"id":1000022187,"date":"2025-09-02T08:48:36","date_gmt":"2025-09-02T11:48:36","guid":{"rendered":"https:\/\/gazzettinoitalianopatagonico.com\/?p=1000022187"},"modified":"2025-09-02T08:48:38","modified_gmt":"2025-09-02T11:48:38","slug":"que-significa-tener-o-no-tener-escrupulos","status":"publish","type":"post","link":"https:\/\/gazzettinoitalianopatagonico.com\/?p=1000022187","title":{"rendered":"Qu\u00e9 significa tener (o no tener) escr\u00fapulos"},"content":{"rendered":"\n<p>Desde la etimolog\u00eda latina hasta las reflexiones de grandes pensadores, el concepto de \u00abescr\u00fapulo\u00bb revela una de las tensiones m\u00e1s persistentes en la vida moral: la incomodidad de la conciencia frente a lo incorrecto y la indiferencia del poder frente a esa incomodidad.<\/p>\n\n\n\n<p>La piedra en el zapato como origen de la \u00e9tica. La palabra scrupulus, en su ra\u00edz latina, significa \u00abpeque\u00f1a piedra puntiaguda\u00bb. Los soldados romanos, durante sus marchas interminables, experimentaban esta incomodidad f\u00edsica al encontrar guijarros atrapados en sus sandalias.<\/p>\n\n\n\n<p>Esa molestia, m\u00ednima pero persistente, se convirti\u00f3 en met\u00e1fora de la conciencia: aquello que incomoda, que obliga a detenerse, que impide avanzar con liviandad cuando algo no est\u00e1 bien.<\/p>\n\n\n\n<p>El fil\u00f3sofo S\u00e9neca ya advert\u00eda que \u00abel alma noble se turba ante lo incorrecto, aunque nadie m\u00e1s lo perciba\u00bb. El escr\u00fapulo, entonces, es esa perturbaci\u00f3n interior que impide caminar como si nada ocurriera, del mismo modo en que el guijarro imped\u00eda la marcha perfecta de los legionarios.<\/p>\n\n\n\n<p>Entre la moral y el poder: la ausencia de escr\u00fapulos<\/p>\n\n\n\n<p>En contraste, quienes ostentaban privilegio \u2014senadores, tribunos, hombres de poder\u2014 viajaban a caballo o en carro, sin piedras que los molestaran. De all\u00ed proviene la idea de que el poderoso suele carecer de escr\u00fapulos: no siente la incomodidad moral que acompa\u00f1a a quienes est\u00e1n obligados a cargar con la experiencia cotidiana del l\u00edmite.<\/p>\n\n\n\n<p>Maquiavelo, en El Pr\u00edncipe, advert\u00eda que el gobernante exitoso deb\u00eda aprender a no ser bueno cuando la pol\u00edtica lo exigiera. No tener escr\u00fapulos, en ese sentido, significaba moverse con la fluidez del que no siente la fricci\u00f3n de la \u00e9tica en su conciencia. Para el poder, la ausencia de esa \u00abpiedra\u00bb pod\u00eda ser vista como virtud pragm\u00e1tica; para el ciudadano com\u00fan, como una dolorosa renuncia a la humanidad.<\/p>\n\n\n\n<p>Escr\u00fapulo: conciencia como resistencia<\/p>\n\n\n\n<p>Con el paso del tiempo, \u00abtener escr\u00fapulos\u00bb se transform\u00f3 en sin\u00f3nimo de sensibilidad moral. Kant habr\u00eda dicho que el escr\u00fapulo es una manifestaci\u00f3n de la raz\u00f3n pr\u00e1ctica, esa voz interior que nos ordena actuar de acuerdo a m\u00e1ximas universales y no seg\u00fan conveniencias individuales. El guijarro, en esta lectura, es la incomodidad que nos recuerda que la dignidad del otro no puede ser ignorada sin pagar un precio en la propia conciencia.<\/p>\n\n\n\n<p>Al mismo tiempo, Nietzsche podr\u00eda objetar que el escr\u00fapulo, elevado a exceso, es una traba vital, una moral de reba\u00f1o que impide la afirmaci\u00f3n del individuo creador. En esa tensi\u00f3n se juega la ambig\u00fcedad del t\u00e9rmino: entre el freno que garantiza la convivencia \u00e9tica y la carga que puede sofocar la iniciativa y la fuerza vital.<\/p>\n\n\n\n<p>\u00bfTener o no tener escrupulos?<\/p>\n\n\n\n<p>Al final, \u00abtener escr\u00fapulos\u00bb no es sino sentir la peque\u00f1a piedra de la \u00e9tica en el zapato de la conciencia. Nos incomoda, nos detiene, nos obliga a mirar nuestros pasos. Quien carece de escr\u00fapulos, en cambio, avanza ligero, sin percibir el da\u00f1o que sus huellas dejan en el camino.<\/p>\n\n\n\n<p>Tal vez la verdadera pregunta no sea si conviene tener o no tener escr\u00fapulos, sino qu\u00e9 hacemos con ellos: si los quitamos para avanzar r\u00e1pido y c\u00f3modos, o si aceptamos la molestia como signo de humanidad. Porque en esa m\u00ednima incomodidad se cifra, en buena medida, la dignidad de la vida moral.<\/p>\n","protected":false},"excerpt":{"rendered":"<p>Desde la etimolog\u00eda latina hasta las reflexiones de grandes pensadores, el concepto de \u00abescr\u00fapulo\u00bb revela una de las tensiones m\u00e1s persistentes en la vida moral: la incomodidad de la conciencia frente a lo incorrecto y la indiferencia del poder frente a esa incomodidad. La piedra en el zapato como origen de la \u00e9tica. La palabra [&hellip;]<\/p>\n","protected":false},"author":1,"featured_media":1000022188,"comment_status":"closed","ping_status":"open","sticky":false,"template":"","format":"standard","meta":{"content-type":"","_jetpack_memberships_contains_paid_content":false,"jnews-multi-image_gallery":[],"jnews_single_post":{"format":"standard"},"jnews_primary_category":[],"footnotes":"","jetpack_publicize_message":"","jetpack_publicize_feature_enabled":true,"jetpack_social_post_already_shared":true,"jetpack_social_options":{"image_generator_settings":{"template":"highway","default_image_id":0,"font":"","enabled":false},"version":2}},"categories":[255],"tags":[],"class_list":{"0":"post-1000022187","1":"post","2":"type-post","3":"status-publish","4":"format-standard","5":"has-post-thumbnail","7":"category-sociales"},"jetpack_publicize_connections":[],"jetpack_featured_media_url":"https:\/\/i0.wp.com\/gazzettinoitalianopatagonico.com\/wp-content\/uploads\/2025\/09\/zaza.png?fit=1536%2C1024&ssl=1","jetpack_likes_enabled":true,"jetpack_sharing_enabled":true,"_links":{"self":[{"href":"https:\/\/gazzettinoitalianopatagonico.com\/index.php?rest_route=\/wp\/v2\/posts\/1000022187","targetHints":{"allow":["GET"]}}],"collection":[{"href":"https:\/\/gazzettinoitalianopatagonico.com\/index.php?rest_route=\/wp\/v2\/posts"}],"about":[{"href":"https:\/\/gazzettinoitalianopatagonico.com\/index.php?rest_route=\/wp\/v2\/types\/post"}],"author":[{"embeddable":true,"href":"https:\/\/gazzettinoitalianopatagonico.com\/index.php?rest_route=\/wp\/v2\/users\/1"}],"replies":[{"embeddable":true,"href":"https:\/\/gazzettinoitalianopatagonico.com\/index.php?rest_route=%2Fwp%2Fv2%2Fcomments&post=1000022187"}],"version-history":[{"count":1,"href":"https:\/\/gazzettinoitalianopatagonico.com\/index.php?rest_route=\/wp\/v2\/posts\/1000022187\/revisions"}],"predecessor-version":[{"id":1000022189,"href":"https:\/\/gazzettinoitalianopatagonico.com\/index.php?rest_route=\/wp\/v2\/posts\/1000022187\/revisions\/1000022189"}],"wp:featuredmedia":[{"embeddable":true,"href":"https:\/\/gazzettinoitalianopatagonico.com\/index.php?rest_route=\/wp\/v2\/media\/1000022188"}],"wp:attachment":[{"href":"https:\/\/gazzettinoitalianopatagonico.com\/index.php?rest_route=%2Fwp%2Fv2%2Fmedia&parent=1000022187"}],"wp:term":[{"taxonomy":"category","embeddable":true,"href":"https:\/\/gazzettinoitalianopatagonico.com\/index.php?rest_route=%2Fwp%2Fv2%2Fcategories&post=1000022187"},{"taxonomy":"post_tag","embeddable":true,"href":"https:\/\/gazzettinoitalianopatagonico.com\/index.php?rest_route=%2Fwp%2Fv2%2Ftags&post=1000022187"}],"curies":[{"name":"wp","href":"https:\/\/api.w.org\/{rel}","templated":true}]}}