{"id":1000022156,"date":"2025-09-01T11:19:19","date_gmt":"2025-09-01T14:19:19","guid":{"rendered":"https:\/\/gazzettinoitalianopatagonico.com\/?p=1000022156"},"modified":"2025-09-01T11:19:21","modified_gmt":"2025-09-01T14:19:21","slug":"champions-league-il-calendario-delle-italiane-il-napoli-parte-con-il-manchester-city-allinter-tocca-lajax","status":"publish","type":"post","link":"https:\/\/gazzettinoitalianopatagonico.com\/?p=1000022156","title":{"rendered":"Champions League, il calendario delle italiane: il Napoli parte con il Manchester City, all&#8217;Inter tocca l&#8217;Ajax"},"content":{"rendered":"\n<p><strong>La Uefa ha reso noto date e orari delle 8 giornate della fase campionato della prossima Champions League<\/strong>. Il via marted\u00ec 16 settembre mentre l&#8217;ultimo match si giocher\u00e0 mercoled\u00ec 28 gennaio, con 18 gare in contemporanea.<\/p>\n\n\n\n<p><strong>PER IL NAPOLI ESORDIO A MANCHESTER CONTRO IL CITY<\/strong><\/p>\n\n\n\n<p>L&#8217;esordio del Napoli \u00e8 fissato per il&nbsp;<strong>18 settembre alle 21<\/strong>&nbsp;in trasferta contro il Manchester City. Questo il resto del calendario:<br>mercoled\u00ec 1 ottobre (ore 21) Napoli-Sporting Lisbona.<br>marted\u00ec 21 ottobre (ore 21) Psv Eindhoven-Napoli.<br>marted\u00ec 4 novembre (ore 18.45) Napoli-Eintracht Francoforte.<br>marted\u00ec 25 novembre (ore 21) Napoli-Qarabag.<br>mercoled\u00ec 10 dicembre (ore 21) Benfica-Napoli.<br>marted\u00ec 20 gennaio (ore 21) Copenhagen-Napoli.<br>mercoled\u00ec 28 gennaio (ore 21) Napoli-Chelsea.<\/p>\n\n\n\n<p><strong>PER L&#8217;INTER ESORDIO IN TRASFERTA CONTRO L&#8217;AJAX<\/strong><\/p>\n\n\n\n<p>L&#8217;Inter esordir\u00e0 il&nbsp;<strong>17 settembre alle 21<\/strong>&nbsp;in trasferta contro l&#8217;Ajax. Questo il resto del calendario:<br>marted\u00ec 30 settembre (ore 21) Inter-Slavia Praga.<br>marted\u00ec 21 ottobre (ore 21) Union Saint Gilloise-Inter.<br>mercoled\u00ec 5 novrembre (ore 21) Inter-Kairat Almaty.<br>mercoled\u00ec 26 novembre (ore 21) Atletico Madrid-Inter.<br>marted\u00ec 9 dicembre (ore 21) Inter-Liverpool.<br>marted\u00ec 20 gennaio (ore 21) Inter-Arsenal.<br>mercoled\u00ec 28 gennaio (ore 21) Borussia Dortmund-Inter.<\/p>\n\n\n\n<p><strong>ESORDIO JUVENTUS IN CASA CONTRO IL BORUSSIA DORTMUND<\/strong><\/p>\n\n\n\n<p>La Juventus esordir\u00e0 il&nbsp;<strong>16 settembre alle 21<\/strong>&nbsp;in casa contro il Borussia Dortmund. Questo il resto del calendario:<br>mercoled\u00ec 1 ottobre (ore 21) Villarreal-Juventus.<br>mercoled\u00ec 22 ottobre (ore 21) Real Madrid-Juventus.<br>marted\u00ec 4 novembre (ore 21) Juventus-Sporting Lisbona.<br>marted\u00ec 25 novembre (ore 21) Bodo\/Glimt-Juventus.<br>mercoled\u00ec 10 dicembre (ore 21) Juventus-Pafos.<br>mercoled\u00ec 21 gennaio (ore 21) Juventus-Benfica.<br>mercoled\u00ec 28 gennaio (ore 21) Monaco-Juventus.<\/p>\n\n\n\n<p><strong>ESORDIO ATALANTA A PARIGI CONTRO IL PSG<\/strong><\/p>\n\n\n\n<p>L&#8217;esordio dell&#8217;Atalanta sar\u00e0 il&nbsp;<strong>17 settembre alle 21<\/strong>, in trasferta contro il Psg. Questo il resto del calendario:<br>marted\u00ec 30 settembre (ore 18.45) Atalanta-Bruges.<br>mercoled\u00ec 22 ottobre (ore 21) Atalanta-Slavia Praga.<br>mercoled\u00ec 5 novembre (ore 21) Olympique Marsiglia-Atalanta.<br>mercoled\u00ec 26 novembre (ore 21) Eintracht Francoforte-Atalanta.<br>marted\u00ec 9 dicembre (ore 21) Atalanta-Chelsea.<br>mercoled\u00ec 21 gennaio (ore 21) Atalanta-Athletic Bilbao.<br>mercoled\u00ec 28 gennaio (ore 21) Union Saint Gilloise-Atalanta.<\/p>\n\n\n\n<p>Andrea Lerici<\/p>\n","protected":false},"excerpt":{"rendered":"<p>La Uefa ha reso noto date e orari delle 8 giornate della fase campionato della prossima Champions League. Il via marted\u00ec 16 settembre mentre l&#8217;ultimo match si giocher\u00e0 mercoled\u00ec 28 gennaio, con 18 gare in contemporanea. PER IL NAPOLI ESORDIO A MANCHESTER CONTRO IL CITY L&#8217;esordio del Napoli \u00e8 fissato per il&nbsp;18 settembre alle 21&nbsp;in [&hellip;]<\/p>\n","protected":false},"author":1,"featured_media":1000022157,"comment_status":"closed","ping_status":"open","sticky":false,"template":"","format":"standard","meta":{"content-type":"","_jetpack_memberships_contains_paid_content":false,"jnews-multi-image_gallery":[],"jnews_single_post":{"format":"standard"},"jnews_primary_category":[],"footnotes":"","jetpack_publicize_message":"","jetpack_publicize_feature_enabled":true,"jetpack_social_post_already_shared":true,"jetpack_social_options":{"image_generator_settings":{"template":"highway","default_image_id":0,"font":"","enabled":false},"version":2}},"categories":[169],"tags":[],"class_list":{"0":"post-1000022156","1":"post","2":"type-post","3":"status-publish","4":"format-standard","5":"has-post-thumbnail","7":"category-deportes"},"jetpack_publicize_connections":[],"jetpack_featured_media_url":"https:\/\/i0.wp.com\/gazzettinoitalianopatagonico.com\/wp-content\/uploads\/2025\/09\/champions_league.jpg?fit=1024%2C576&ssl=1","jetpack_likes_enabled":true,"jetpack_sharing_enabled":true,"_links":{"self":[{"href":"https:\/\/gazzettinoitalianopatagonico.com\/index.php?rest_route=\/wp\/v2\/posts\/1000022156","targetHints":{"allow":["GET"]}}],"collection":[{"href":"https:\/\/gazzettinoitalianopatagonico.com\/index.php?rest_route=\/wp\/v2\/posts"}],"about":[{"href":"https:\/\/gazzettinoitalianopatagonico.com\/index.php?rest_route=\/wp\/v2\/types\/post"}],"author":[{"embeddable":true,"href":"https:\/\/gazzettinoitalianopatagonico.com\/index.php?rest_route=\/wp\/v2\/users\/1"}],"replies":[{"embeddable":true,"href":"https:\/\/gazzettinoitalianopatagonico.com\/index.php?rest_route=%2Fwp%2Fv2%2Fcomments&post=1000022156"}],"version-history":[{"count":1,"href":"https:\/\/gazzettinoitalianopatagonico.com\/index.php?rest_route=\/wp\/v2\/posts\/1000022156\/revisions"}],"predecessor-version":[{"id":1000022158,"href":"https:\/\/gazzettinoitalianopatagonico.com\/index.php?rest_route=\/wp\/v2\/posts\/1000022156\/revisions\/1000022158"}],"wp:featuredmedia":[{"embeddable":true,"href":"https:\/\/gazzettinoitalianopatagonico.com\/index.php?rest_route=\/wp\/v2\/media\/1000022157"}],"wp:attachment":[{"href":"https:\/\/gazzettinoitalianopatagonico.com\/index.php?rest_route=%2Fwp%2Fv2%2Fmedia&parent=1000022156"}],"wp:term":[{"taxonomy":"category","embeddable":true,"href":"https:\/\/gazzettinoitalianopatagonico.com\/index.php?rest_route=%2Fwp%2Fv2%2Fcategories&post=1000022156"},{"taxonomy":"post_tag","embeddable":true,"href":"https:\/\/gazzettinoitalianopatagonico.com\/index.php?rest_route=%2Fwp%2Fv2%2Ftags&post=1000022156"}],"curies":[{"name":"wp","href":"https:\/\/api.w.org\/{rel}","templated":true}]}}