{"id":1000020871,"date":"2025-08-01T09:25:31","date_gmt":"2025-08-01T12:25:31","guid":{"rendered":"https:\/\/gazzettinoitalianopatagonico.com\/?p=1000020871"},"modified":"2025-08-01T09:25:32","modified_gmt":"2025-08-01T12:25:32","slug":"personale-scolastico-allestero-allaran-lincontro-con-i-sindacati","status":"publish","type":"post","link":"https:\/\/gazzettinoitalianopatagonico.com\/?p=1000020871","title":{"rendered":"Personale scolastico all&#8217;estero: all&#8217;Aran l&#8217;incontro con i sindacati"},"content":{"rendered":"\n<p>Lo scorso 24 luglio si \u00e8 svolto all&#8217;ARAN &#8211; Agenzia per la Rappresentanza Negoziale delle Pubbliche Amministrazioni \u2013 un incontro sul rinnovo del CCNL Istruzione e ricerca che ha affrontato la tematica del personale scolastico italiano in servizio presso le sedi estere. Ne d\u00e0 notizia la Flc Cgil spiegando che, in questa occasione, \u00e8 stata trovata un&#8217;intesa per inserire nel prossimo Contratto nazionale una sezione che riguarda il personale scolastico all&#8217;estero, dopo che dei 30 articoli presenti nel CCNL 2006-09 solo 3 erano rimasti in vigore dopo la pubblicazione del DLgs 64\/2017. L&#8217;incontro, riporta il sindacato, ha permesso di \u00abinserire nuovamente importanti novit\u00e0 per quanto riguarda le materie di contrattazione, confronto e informativa sia a livello di MAECI che di Ambasciata\/Consolato che d&#8217;Istituto. Tra queste, solo a titolo esemplificativo si dovr\u00e0 contrattare il MOF (a cui potranno accedere anche i lettori) in tutte le sedi in cui esso verr\u00e0 distribuito, cos\u00ec come la sicurezza nei luoghi di lavoro. La mobilit\u00e0 estero su estero fino ad ora praticamente inaccessibile nelle SCI diventa materia di confronto sindacale, cos\u00ec come la revisione dei contingenti, l&#8217;articolazione dell&#8217;orario di lavoro del personale, le misure di prevenzione dello stress lavoro-correlato e di fenomeni di burn-out. Contrattato inoltre il dovere dell&#8217;amministrazione di informare puntualmente i sindacati sulla variazione dei coefficienti dell&#8217;indennit\u00e0 di servizio estero nonch\u00e9 gli aggiornamenti rispetto le graduatorie del personale vincitore di concorso. Per quanto riguarda la mobilit\u00e0 estero su estero pur apprezzando l&#8217;apertura dell&#8217;amministrazione abbiamo insistito affinch\u00e9 sia spostata nelle materie di contrattazione anzich\u00e9 di confronto\u00bb. Durante l&#8217;incontro, la Flc Cgil ha \u00abribadito la necessit\u00e0 di inserire altri aspetti importanti per chi lavora all&#8217;estero, tra questi quelli che riteniamo pi\u00f9 significativi, riguardano: la modalit\u00e0 di cessazione e riassunzione dal servizio, la possibilit\u00e0 di lasciare la sede consolare nei periodi di sospensione dell&#8217;attivit\u00e0 didattica\/accademica, il confronto sul reclutamento, la possibilit\u00e0 di utilizzare il fondo anche per diverse esigenze didattiche organizzative, i criteri di assegnazione del personale ai plessi, il diritto di usufruire degli 11 giorni di festivit\u00e0 previste in Italia, una sezione specifica per i lettori e in particolare una regolamentazione\/riconoscimento per le sedi in cui sono previsti incarichi extra accademici\u00bb. Su questi punti, spiega il sindacato, \u00abl&#8217;amministrazione ha sollevato diverse perplessit\u00e0 ribadendo l&#8217;indisponibilit\u00e0 di intervenire sulle materie normate dalla legge e di incrementare le risorse economiche a disposizione, ma si \u00e8 presa ulteriore tempo per approfondire se e in quale modalit\u00e0 sia possibile corrispondere alle richieste che abbiamo presentato\u00bb. Concludendo, il sindacato ribadisce comunque \u00abl&#8217;importanza di aver raggiunto un accordo per l&#8217;inserimento nel nuovo CCNL di una sezione rivolta esclusivamente al personale scolastico all&#8217;estero (dopo 16 anni di attesa) ripristinando diversi diritti che erano diventati inesigibili dopo il Dlgs 64\/2017\u00bb, nella consapevolezza che \u00abulteriori passi devono essere fatti prima di poter esprimere un giudizio complessivo sugli obiettivi raggiunti\u00bb.<\/p>\n","protected":false},"excerpt":{"rendered":"<p>Lo scorso 24 luglio si \u00e8 svolto all&#8217;ARAN &#8211; Agenzia per la Rappresentanza Negoziale delle Pubbliche Amministrazioni \u2013 un incontro sul rinnovo del CCNL Istruzione e ricerca che ha affrontato la tematica del personale scolastico italiano in servizio presso le sedi estere. Ne d\u00e0 notizia la Flc Cgil spiegando che, in questa occasione, \u00e8 stata [&hellip;]<\/p>\n","protected":false},"author":1,"featured_media":1000020872,"comment_status":"closed","ping_status":"open","sticky":false,"template":"","format":"standard","meta":{"content-type":"","_jetpack_memberships_contains_paid_content":false,"jnews-multi-image_gallery":[],"jnews_single_post":{"format":"standard"},"jnews_primary_category":[],"footnotes":"","jetpack_publicize_message":"","jetpack_publicize_feature_enabled":true,"jetpack_social_post_already_shared":true,"jetpack_social_options":{"image_generator_settings":{"template":"highway","default_image_id":0,"font":"","enabled":false},"version":2}},"categories":[255],"tags":[],"class_list":{"0":"post-1000020871","1":"post","2":"type-post","3":"status-publish","4":"format-standard","5":"has-post-thumbnail","7":"category-sociales"},"jetpack_publicize_connections":[],"jetpack_featured_media_url":"https:\/\/i0.wp.com\/gazzettinoitalianopatagonico.com\/wp-content\/uploads\/2025\/08\/ikoi.png?fit=696%2C464&ssl=1","jetpack_likes_enabled":true,"jetpack_sharing_enabled":true,"_links":{"self":[{"href":"https:\/\/gazzettinoitalianopatagonico.com\/index.php?rest_route=\/wp\/v2\/posts\/1000020871","targetHints":{"allow":["GET"]}}],"collection":[{"href":"https:\/\/gazzettinoitalianopatagonico.com\/index.php?rest_route=\/wp\/v2\/posts"}],"about":[{"href":"https:\/\/gazzettinoitalianopatagonico.com\/index.php?rest_route=\/wp\/v2\/types\/post"}],"author":[{"embeddable":true,"href":"https:\/\/gazzettinoitalianopatagonico.com\/index.php?rest_route=\/wp\/v2\/users\/1"}],"replies":[{"embeddable":true,"href":"https:\/\/gazzettinoitalianopatagonico.com\/index.php?rest_route=%2Fwp%2Fv2%2Fcomments&post=1000020871"}],"version-history":[{"count":1,"href":"https:\/\/gazzettinoitalianopatagonico.com\/index.php?rest_route=\/wp\/v2\/posts\/1000020871\/revisions"}],"predecessor-version":[{"id":1000020873,"href":"https:\/\/gazzettinoitalianopatagonico.com\/index.php?rest_route=\/wp\/v2\/posts\/1000020871\/revisions\/1000020873"}],"wp:featuredmedia":[{"embeddable":true,"href":"https:\/\/gazzettinoitalianopatagonico.com\/index.php?rest_route=\/wp\/v2\/media\/1000020872"}],"wp:attachment":[{"href":"https:\/\/gazzettinoitalianopatagonico.com\/index.php?rest_route=%2Fwp%2Fv2%2Fmedia&parent=1000020871"}],"wp:term":[{"taxonomy":"category","embeddable":true,"href":"https:\/\/gazzettinoitalianopatagonico.com\/index.php?rest_route=%2Fwp%2Fv2%2Fcategories&post=1000020871"},{"taxonomy":"post_tag","embeddable":true,"href":"https:\/\/gazzettinoitalianopatagonico.com\/index.php?rest_route=%2Fwp%2Fv2%2Ftags&post=1000020871"}],"curies":[{"name":"wp","href":"https:\/\/api.w.org\/{rel}","templated":true}]}}