{"id":1000020868,"date":"2025-08-01T09:24:42","date_gmt":"2025-08-01T12:24:42","guid":{"rendered":"https:\/\/gazzettinoitalianopatagonico.com\/?p=1000020868"},"modified":"2025-08-01T09:24:44","modified_gmt":"2025-08-01T12:24:44","slug":"premier-palestino-pide-a-hamas-que-deponga-las-armas-y-deje-gaza","status":"publish","type":"post","link":"https:\/\/gazzettinoitalianopatagonico.com\/?p=1000020868","title":{"rendered":"Premier palestino pide a Ham\u00e1s que deponga las armas y deje Gaza"},"content":{"rendered":"\n<p>Ham\u00e1s debe \u00abdeponer las armas\u00bb, \u00abliberar a los rehenes\u00bb y ceder el control de Gaza, declar\u00f3 el primer ministro palestino, Mohammad Mustafa, en su intervenci\u00f3n en la conferencia de la ONU sobre la soluci\u00f3n de dos Estados que se realiza en Madrid. \u00abTodos los pa\u00edses tienen la responsabilidad de actuar ahora para poner fin a la guerra contra nuestro pueblo en Gaza y en toda Palestina, asegurar la liberaci\u00f3n de rehenes y prisioneros, y asegurar la retirada de las fuerzas de ocupaci\u00f3n israel\u00edes\u00bb, declar\u00f3 el premier palestino. Mustafa a\u00f1adi\u00f3 que la Autoridad Palestina est\u00e1 dispuesta a coordinarse con una fuerza \u00e1rabe para ayudar a estabilizar Gaza tras la guerra y sugiri\u00f3 a Ham\u00e1s transferir sus armas a la Autoridad Palestina. Si bien Israel ha expresado su disposici\u00f3n a recibir ayuda de pa\u00edses \u00e1rabes como los Emiratos \u00c1rabes Unidos, este \u00faltimo ha condicionado dicho apoyo a la participaci\u00f3n de la Autoridad Palestina, algo que Israel ha rechazado durante mucho tiempo, comparando a Ramal\u00e1, m\u00e1s moderado, con Ham\u00e1s. \u00abDebemos trabajar todos para reunificar la Franja de Gaza con nuestro pueblo, poner fin a la ocupaci\u00f3n, lograr la independencia palestina e implementar la soluci\u00f3n de dos Estados, donde Palestina e Israel convivan en paz y seguridad, para lograr la paz, la seguridad y la prosperidad en la regi\u00f3n\u00bb, concluy\u00f3 el premier palestino.<\/p>\n","protected":false},"excerpt":{"rendered":"<p>Ham\u00e1s debe \u00abdeponer las armas\u00bb, \u00abliberar a los rehenes\u00bb y ceder el control de Gaza, declar\u00f3 el primer ministro palestino, Mohammad Mustafa, en su intervenci\u00f3n en la conferencia de la ONU sobre la soluci\u00f3n de dos Estados que se realiza en Madrid. \u00abTodos los pa\u00edses tienen la responsabilidad de actuar ahora para poner fin a [&hellip;]<\/p>\n","protected":false},"author":1,"featured_media":1000020869,"comment_status":"closed","ping_status":"open","sticky":false,"template":"","format":"standard","meta":{"content-type":"","_jetpack_memberships_contains_paid_content":false,"jnews-multi-image_gallery":[],"jnews_single_post":{"format":"standard"},"jnews_primary_category":[],"footnotes":"","jetpack_publicize_message":"","jetpack_publicize_feature_enabled":true,"jetpack_social_post_already_shared":true,"jetpack_social_options":{"image_generator_settings":{"template":"highway","default_image_id":0,"font":"","enabled":false},"version":2}},"categories":[41],"tags":[],"class_list":{"0":"post-1000020868","1":"post","2":"type-post","3":"status-publish","4":"format-standard","5":"has-post-thumbnail","7":"category-mundo"},"jetpack_publicize_connections":[],"jetpack_featured_media_url":"https:\/\/i0.wp.com\/gazzettinoitalianopatagonico.com\/wp-content\/uploads\/2025\/08\/ikjl.png?fit=696%2C348&ssl=1","jetpack_likes_enabled":true,"jetpack_sharing_enabled":true,"_links":{"self":[{"href":"https:\/\/gazzettinoitalianopatagonico.com\/index.php?rest_route=\/wp\/v2\/posts\/1000020868","targetHints":{"allow":["GET"]}}],"collection":[{"href":"https:\/\/gazzettinoitalianopatagonico.com\/index.php?rest_route=\/wp\/v2\/posts"}],"about":[{"href":"https:\/\/gazzettinoitalianopatagonico.com\/index.php?rest_route=\/wp\/v2\/types\/post"}],"author":[{"embeddable":true,"href":"https:\/\/gazzettinoitalianopatagonico.com\/index.php?rest_route=\/wp\/v2\/users\/1"}],"replies":[{"embeddable":true,"href":"https:\/\/gazzettinoitalianopatagonico.com\/index.php?rest_route=%2Fwp%2Fv2%2Fcomments&post=1000020868"}],"version-history":[{"count":1,"href":"https:\/\/gazzettinoitalianopatagonico.com\/index.php?rest_route=\/wp\/v2\/posts\/1000020868\/revisions"}],"predecessor-version":[{"id":1000020870,"href":"https:\/\/gazzettinoitalianopatagonico.com\/index.php?rest_route=\/wp\/v2\/posts\/1000020868\/revisions\/1000020870"}],"wp:featuredmedia":[{"embeddable":true,"href":"https:\/\/gazzettinoitalianopatagonico.com\/index.php?rest_route=\/wp\/v2\/media\/1000020869"}],"wp:attachment":[{"href":"https:\/\/gazzettinoitalianopatagonico.com\/index.php?rest_route=%2Fwp%2Fv2%2Fmedia&parent=1000020868"}],"wp:term":[{"taxonomy":"category","embeddable":true,"href":"https:\/\/gazzettinoitalianopatagonico.com\/index.php?rest_route=%2Fwp%2Fv2%2Fcategories&post=1000020868"},{"taxonomy":"post_tag","embeddable":true,"href":"https:\/\/gazzettinoitalianopatagonico.com\/index.php?rest_route=%2Fwp%2Fv2%2Ftags&post=1000020868"}],"curies":[{"name":"wp","href":"https:\/\/api.w.org\/{rel}","templated":true}]}}