{"id":1000020859,"date":"2025-08-01T09:08:49","date_gmt":"2025-08-01T12:08:49","guid":{"rendered":"https:\/\/gazzettinoitalianopatagonico.com\/?p=1000020859"},"modified":"2025-08-01T09:08:51","modified_gmt":"2025-08-01T12:08:51","slug":"larresto-della-deputata-italo-brasiliana-zambelli-se-devo-scontare-una-pena-sara-in-italia","status":"publish","type":"post","link":"https:\/\/gazzettinoitalianopatagonico.com\/?p=1000020859","title":{"rendered":"L&#8217;arresto della deputata italo-brasiliana. Zambelli: \u00abSe devo scontare una pena sar\u00e0 in Italia\u00bb"},"content":{"rendered":"\n<p>In un video diffuso ieri sera in Brasile dopo l&#8217;arresto a Roma, la parlamentare Carla Zambelli ha dichiarato la sua intenzione di rimanere in Italia, dove \u00e8 stata arrestata, ed ha espresso fiducia nel sistema giudiziario italiano. \u00abSe dovr\u00f2 scontare qualsiasi pena, sar\u00e0 qui in Italia, che \u00e8 ancora un paese giusto e democratico\u00bb, afferma nel filmato. In un video diffuso ieri sera in Brasile dopo l&#8217;arresto a Roma, la parlamentare Carla Zambelli ha dichiarato la sua intenzione di rimanere in Italia, dove \u00e8 stata arrestata, ed ha espresso fiducia nel sistema giudiziario italiano.<\/p>\n","protected":false},"excerpt":{"rendered":"<p>In un video diffuso ieri sera in Brasile dopo l&#8217;arresto a Roma, la parlamentare Carla Zambelli ha dichiarato la sua intenzione di rimanere in Italia, dove \u00e8 stata arrestata, ed ha espresso fiducia nel sistema giudiziario italiano. \u00abSe dovr\u00f2 scontare qualsiasi pena, sar\u00e0 qui in Italia, che \u00e8 ancora un paese giusto e democratico\u00bb, afferma [&hellip;]<\/p>\n","protected":false},"author":1,"featured_media":1000020860,"comment_status":"closed","ping_status":"open","sticky":false,"template":"","format":"standard","meta":{"content-type":"","_jetpack_memberships_contains_paid_content":false,"jnews-multi-image_gallery":[],"jnews_single_post":{"format":"standard"},"jnews_primary_category":[],"footnotes":"","jetpack_publicize_message":"","jetpack_publicize_feature_enabled":true,"jetpack_social_post_already_shared":true,"jetpack_social_options":{"image_generator_settings":{"template":"highway","default_image_id":0,"font":"","enabled":false},"version":2}},"categories":[270],"tags":[268],"class_list":{"0":"post-1000020859","1":"post","2":"type-post","3":"status-publish","4":"format-standard","5":"has-post-thumbnail","7":"category-america-latina","8":"tag-america-latina"},"jetpack_publicize_connections":[],"jetpack_featured_media_url":"https:\/\/i0.wp.com\/gazzettinoitalianopatagonico.com\/wp-content\/uploads\/2025\/08\/ihyy.png?fit=696%2C464&ssl=1","jetpack_likes_enabled":true,"jetpack_sharing_enabled":true,"_links":{"self":[{"href":"https:\/\/gazzettinoitalianopatagonico.com\/index.php?rest_route=\/wp\/v2\/posts\/1000020859","targetHints":{"allow":["GET"]}}],"collection":[{"href":"https:\/\/gazzettinoitalianopatagonico.com\/index.php?rest_route=\/wp\/v2\/posts"}],"about":[{"href":"https:\/\/gazzettinoitalianopatagonico.com\/index.php?rest_route=\/wp\/v2\/types\/post"}],"author":[{"embeddable":true,"href":"https:\/\/gazzettinoitalianopatagonico.com\/index.php?rest_route=\/wp\/v2\/users\/1"}],"replies":[{"embeddable":true,"href":"https:\/\/gazzettinoitalianopatagonico.com\/index.php?rest_route=%2Fwp%2Fv2%2Fcomments&post=1000020859"}],"version-history":[{"count":1,"href":"https:\/\/gazzettinoitalianopatagonico.com\/index.php?rest_route=\/wp\/v2\/posts\/1000020859\/revisions"}],"predecessor-version":[{"id":1000020861,"href":"https:\/\/gazzettinoitalianopatagonico.com\/index.php?rest_route=\/wp\/v2\/posts\/1000020859\/revisions\/1000020861"}],"wp:featuredmedia":[{"embeddable":true,"href":"https:\/\/gazzettinoitalianopatagonico.com\/index.php?rest_route=\/wp\/v2\/media\/1000020860"}],"wp:attachment":[{"href":"https:\/\/gazzettinoitalianopatagonico.com\/index.php?rest_route=%2Fwp%2Fv2%2Fmedia&parent=1000020859"}],"wp:term":[{"taxonomy":"category","embeddable":true,"href":"https:\/\/gazzettinoitalianopatagonico.com\/index.php?rest_route=%2Fwp%2Fv2%2Fcategories&post=1000020859"},{"taxonomy":"post_tag","embeddable":true,"href":"https:\/\/gazzettinoitalianopatagonico.com\/index.php?rest_route=%2Fwp%2Fv2%2Ftags&post=1000020859"}],"curies":[{"name":"wp","href":"https:\/\/api.w.org\/{rel}","templated":true}]}}