{"id":1000020792,"date":"2025-07-30T10:28:09","date_gmt":"2025-07-30T13:28:09","guid":{"rendered":"https:\/\/gazzettinoitalianopatagonico.com\/?p=1000020792"},"modified":"2025-07-30T10:28:11","modified_gmt":"2025-07-30T13:28:11","slug":"cuba-il-governo-ammette-errori-nella-crisi-economica","status":"publish","type":"post","link":"https:\/\/gazzettinoitalianopatagonico.com\/?p=1000020792","title":{"rendered":"Cuba, il governo ammette &#8216;errori&#8217; nella crisi economica"},"content":{"rendered":"\n<p>Con un tono insolitamente autocritico, il governo cubano ha riconosciuto la gravit\u00e0 della crisi economica che colpisce l&#8217;isola e ha ammesso la necessit\u00e0 di correggere \u00aberrori\u00bb e \u00abdeficienze\u00bb interne. Nel discorso ufficiale per la cerimonia della Giornata della Ribellione Nazionale, il primo ministro Manuel Marrero Cruz ha dichiarato che Cuba affronta \u00absfide enormi, come mai prima d&#8217;ora\u00bb, sia sul piano interno che su quello internazionale. Al centro dell&#8217;intervento, uno dei temi pi\u00f9 sensibili: i frequenti blackout elettrici, definiti da Marrero \u00abmolesti\u00bb e \u00abdannosi per la popolazione e l&#8217;economia\u00bb. \u00c8 la prima volta che la crisi energetica riceve un simile rilievo a livello ufficiale, segno della crescente incidenza sulla vita quotidiana dei cubani. La soluzione all&#8217;emergenza energetica diventa cos\u00ec una priorit\u00e0 dichiarata dal governo, che ha promesso interventi concreti per affrontare le difficolt\u00e0 strutturali del Paese. Per il secondo anno consecutivo, n\u00e9 il presidente Miguel D\u00edaz-Canel n\u00e9 l&#8217;ex leader Ra\u00fal Castro hanno preso la parola. Una scelta interpretata dai media regionali come segnale della delicata fase politica. La Giornata della Ribellione Nazionale ricorda l&#8217;assalto fallito del 1953 ai quartieri Moncada e C\u00e9spedes, considerato l&#8217;inizio della rivoluzione che nel 1959 rovesci\u00f2 il regime di Fulgencio Batista (1952-1959).<\/p>\n","protected":false},"excerpt":{"rendered":"<p>Con un tono insolitamente autocritico, il governo cubano ha riconosciuto la gravit\u00e0 della crisi economica che colpisce l&#8217;isola e ha ammesso la necessit\u00e0 di correggere \u00aberrori\u00bb e \u00abdeficienze\u00bb interne. Nel discorso ufficiale per la cerimonia della Giornata della Ribellione Nazionale, il primo ministro Manuel Marrero Cruz ha dichiarato che Cuba affronta \u00absfide enormi, come mai [&hellip;]<\/p>\n","protected":false},"author":1,"featured_media":1000020793,"comment_status":"closed","ping_status":"open","sticky":false,"template":"","format":"standard","meta":{"content-type":"","_jetpack_memberships_contains_paid_content":false,"jnews-multi-image_gallery":[],"jnews_single_post":{"format":"standard"},"jnews_primary_category":[],"footnotes":"","jetpack_publicize_message":"","jetpack_publicize_feature_enabled":true,"jetpack_social_post_already_shared":true,"jetpack_social_options":{"image_generator_settings":{"template":"highway","default_image_id":0,"font":"","enabled":false},"version":2}},"categories":[270],"tags":[268],"class_list":{"0":"post-1000020792","1":"post","2":"type-post","3":"status-publish","4":"format-standard","5":"has-post-thumbnail","7":"category-america-latina","8":"tag-america-latina"},"jetpack_publicize_connections":[],"jetpack_featured_media_url":"https:\/\/i0.wp.com\/gazzettinoitalianopatagonico.com\/wp-content\/uploads\/2025\/07\/uyrre.png?fit=696%2C463&ssl=1","jetpack_likes_enabled":true,"jetpack_sharing_enabled":true,"_links":{"self":[{"href":"https:\/\/gazzettinoitalianopatagonico.com\/index.php?rest_route=\/wp\/v2\/posts\/1000020792","targetHints":{"allow":["GET"]}}],"collection":[{"href":"https:\/\/gazzettinoitalianopatagonico.com\/index.php?rest_route=\/wp\/v2\/posts"}],"about":[{"href":"https:\/\/gazzettinoitalianopatagonico.com\/index.php?rest_route=\/wp\/v2\/types\/post"}],"author":[{"embeddable":true,"href":"https:\/\/gazzettinoitalianopatagonico.com\/index.php?rest_route=\/wp\/v2\/users\/1"}],"replies":[{"embeddable":true,"href":"https:\/\/gazzettinoitalianopatagonico.com\/index.php?rest_route=%2Fwp%2Fv2%2Fcomments&post=1000020792"}],"version-history":[{"count":1,"href":"https:\/\/gazzettinoitalianopatagonico.com\/index.php?rest_route=\/wp\/v2\/posts\/1000020792\/revisions"}],"predecessor-version":[{"id":1000020794,"href":"https:\/\/gazzettinoitalianopatagonico.com\/index.php?rest_route=\/wp\/v2\/posts\/1000020792\/revisions\/1000020794"}],"wp:featuredmedia":[{"embeddable":true,"href":"https:\/\/gazzettinoitalianopatagonico.com\/index.php?rest_route=\/wp\/v2\/media\/1000020793"}],"wp:attachment":[{"href":"https:\/\/gazzettinoitalianopatagonico.com\/index.php?rest_route=%2Fwp%2Fv2%2Fmedia&parent=1000020792"}],"wp:term":[{"taxonomy":"category","embeddable":true,"href":"https:\/\/gazzettinoitalianopatagonico.com\/index.php?rest_route=%2Fwp%2Fv2%2Fcategories&post=1000020792"},{"taxonomy":"post_tag","embeddable":true,"href":"https:\/\/gazzettinoitalianopatagonico.com\/index.php?rest_route=%2Fwp%2Fv2%2Ftags&post=1000020792"}],"curies":[{"name":"wp","href":"https:\/\/api.w.org\/{rel}","templated":true}]}}