{"id":1000020762,"date":"2025-07-28T13:03:31","date_gmt":"2025-07-28T16:03:31","guid":{"rendered":"https:\/\/gazzettinoitalianopatagonico.com\/?p=1000020762"},"modified":"2025-07-28T13:03:33","modified_gmt":"2025-07-28T16:03:33","slug":"si-chiama-senti-e-si-cammina-bendati-alla-scoperta-di-piante-e-profumi-ecco-dove","status":"publish","type":"post","link":"https:\/\/gazzettinoitalianopatagonico.com\/?p=1000020762","title":{"rendered":"Si chiama &#8216;Senti&#8217; e si cammina bendati, alla scoperta di piante e profumi: ecco dove"},"content":{"rendered":"\n<p>&nbsp;&#8216;Sentire&#8217; col tatto e con l&#8217;olfatto, senza vedere: \u00e8 il senso di &#8216;Senti&#8217;, una passeggiata sensoriale lanciata per la giornata di domani, domenica 27 luglio, dalla Fondazione Casa Lajolo di Piossasco, in provincia di Torino. La passeggiata si svolger\u00e0 nel giardino della dimora storica, in cui si trovano alberi secolari, come il cedro e il pino, muretti e aiuole, il piazzale in ghiaia con la collezione di agrumi in vasi, il giardino all&#8217;italiana con le sculture in bosso, il boschetto all&#8217;inglese delimitato da sette Taxus baccata e poi, pi\u00f9 in gi\u00f9, ulivi e alberi da frutto, l&#8217;orto-giardino e il frutteto. L&#8217;appuntamento \u00e8 per domenica 27 luglio con replica domenica 28 settembre. \u00abQuesto percorso di visita- si legge in una nota- \u00e8 stato ideato per permettere ai partecipanti di scoprire e vivere la bellezza dello spazio verde &#8216;con altri occhi&#8217;, risvegliando i propri sensi e immergendosi in un ambiente naturale accogliente e ricco di stimoli. Si cammina bendati, tra suoni rilassanti, scoprendo piante attraverso il tatto, inebriandosi di profumi inattesi e assaporando gusti sorprendenti: un momento di benessere, un&#8217;opportunit\u00e0 per riappropriarsi del piacere di un&#8217;esplorazione lenta, attenta e paziente, lontano dalla frenesia e dal chiasso della vita quotidiana\u00bb. Un aspetto fondamentale di questa iniziativa \u00e8 la collaborazione consolidata con l&#8217;Unione Italiana Ciechi e Ipovedenti di Torino. Questa collaborazione, attiva da tempo, mira a creare un percorso inclusivo e accogliente per tutti. I volontari dell&#8217;associazione accompagneranno i visitatori, guidandoli alla scoperta di consistenze e profumi. Condivideranno, con la loro sensibilit\u00e0 e il proprio vissuto, come sia possibile conoscere e riconoscere un luogo senza l&#8217;ausilio della vista, affidandosi a sensi diversi e all&#8217;immaginazione.&nbsp;<strong>Le passeggiate sono aperte a tutti, vedenti e non vedenti.<\/strong>&nbsp;Chi non vuole avere gli occhi bendati, pu\u00f2 partecipare senza copriocchi.&nbsp;<strong>Ogni percorso avr\u00e0 una durata di circa un&#8217;ora e mezza<\/strong>. Il costo di partecipazione \u00e8 di 10 euro a persona.<\/p>\n\n\n\n<p>Iscrizione obbligatoria&nbsp;<a href=\"https:\/\/www.casalajolo.it\/prenota\/\" rel=\"noreferrer noopener\" target=\"_blank\">https:\/\/www.casalajolo.it\/prenota\/<\/a><\/p>\n\n\n\n<p>Marcella Piretti<\/p>\n","protected":false},"excerpt":{"rendered":"<p>&nbsp;&#8216;Sentire&#8217; col tatto e con l&#8217;olfatto, senza vedere: \u00e8 il senso di &#8216;Senti&#8217;, una passeggiata sensoriale lanciata per la giornata di domani, domenica 27 luglio, dalla Fondazione Casa Lajolo di Piossasco, in provincia di Torino. La passeggiata si svolger\u00e0 nel giardino della dimora storica, in cui si trovano alberi secolari, come il cedro e il [&hellip;]<\/p>\n","protected":false},"author":1,"featured_media":1000020763,"comment_status":"closed","ping_status":"open","sticky":false,"template":"","format":"standard","meta":{"content-type":"","_jetpack_memberships_contains_paid_content":false,"jnews-multi-image_gallery":[],"jnews_single_post":{"format":"standard"},"jnews_primary_category":[],"footnotes":"","jetpack_publicize_message":"","jetpack_publicize_feature_enabled":true,"jetpack_social_post_already_shared":true,"jetpack_social_options":{"image_generator_settings":{"template":"highway","default_image_id":0,"font":"","enabled":false},"version":2}},"categories":[255],"tags":[],"class_list":{"0":"post-1000020762","1":"post","2":"type-post","3":"status-publish","4":"format-standard","5":"has-post-thumbnail","7":"category-sociales"},"jetpack_publicize_connections":[],"jetpack_featured_media_url":"https:\/\/i0.wp.com\/gazzettinoitalianopatagonico.com\/wp-content\/uploads\/2025\/07\/senti-passeggiata-sensoriale-1024x576-1.jpg?fit=1024%2C576&ssl=1","jetpack_likes_enabled":true,"jetpack_sharing_enabled":true,"_links":{"self":[{"href":"https:\/\/gazzettinoitalianopatagonico.com\/index.php?rest_route=\/wp\/v2\/posts\/1000020762","targetHints":{"allow":["GET"]}}],"collection":[{"href":"https:\/\/gazzettinoitalianopatagonico.com\/index.php?rest_route=\/wp\/v2\/posts"}],"about":[{"href":"https:\/\/gazzettinoitalianopatagonico.com\/index.php?rest_route=\/wp\/v2\/types\/post"}],"author":[{"embeddable":true,"href":"https:\/\/gazzettinoitalianopatagonico.com\/index.php?rest_route=\/wp\/v2\/users\/1"}],"replies":[{"embeddable":true,"href":"https:\/\/gazzettinoitalianopatagonico.com\/index.php?rest_route=%2Fwp%2Fv2%2Fcomments&post=1000020762"}],"version-history":[{"count":1,"href":"https:\/\/gazzettinoitalianopatagonico.com\/index.php?rest_route=\/wp\/v2\/posts\/1000020762\/revisions"}],"predecessor-version":[{"id":1000020764,"href":"https:\/\/gazzettinoitalianopatagonico.com\/index.php?rest_route=\/wp\/v2\/posts\/1000020762\/revisions\/1000020764"}],"wp:featuredmedia":[{"embeddable":true,"href":"https:\/\/gazzettinoitalianopatagonico.com\/index.php?rest_route=\/wp\/v2\/media\/1000020763"}],"wp:attachment":[{"href":"https:\/\/gazzettinoitalianopatagonico.com\/index.php?rest_route=%2Fwp%2Fv2%2Fmedia&parent=1000020762"}],"wp:term":[{"taxonomy":"category","embeddable":true,"href":"https:\/\/gazzettinoitalianopatagonico.com\/index.php?rest_route=%2Fwp%2Fv2%2Fcategories&post=1000020762"},{"taxonomy":"post_tag","embeddable":true,"href":"https:\/\/gazzettinoitalianopatagonico.com\/index.php?rest_route=%2Fwp%2Fv2%2Ftags&post=1000020762"}],"curies":[{"name":"wp","href":"https:\/\/api.w.org\/{rel}","templated":true}]}}