{"id":1000020759,"date":"2025-07-28T13:02:30","date_gmt":"2025-07-28T16:02:30","guid":{"rendered":"https:\/\/gazzettinoitalianopatagonico.com\/?p=1000020759"},"modified":"2025-07-28T13:02:32","modified_gmt":"2025-07-28T16:02:32","slug":"il-lago-daral-rinasce-anche-grazie-allitalia","status":"publish","type":"post","link":"https:\/\/gazzettinoitalianopatagonico.com\/?p=1000020759","title":{"rendered":"Il lago d&#8217;Aral rinasce anche grazie all&#8217;Italia"},"content":{"rendered":"\n<p>Il lago d&#8217;Aral, in Asia centrale, un tempo il quarto lago a livello mondiale per estensione ma dichiarato prosciugato negli ultimi anni a causa dell&#8217;azione dell&#8217;uomo, ha un&#8217;occasione di riscatto grazie all&#8217;Italia. A occuparsene, grazie a un progetto realizzato su mandato del ministero degli Affari esteri e della cooperazione internazionale, \u00e8 l&#8217;azienda partecipata Sogesid Spa. Ce ne parla il suo amministratore delegato, Errico Stravato: \u00abSi tratta di un progetto tutto italiano, addirittura al di fuori dal Piano Mattei, che consiste nella riqualificazione e rigenerazione del lago d&#8217;Aral\u00bb. Negli ultimi anni sono stati avviati vari interventi per ripristinare il lago, dopo che dei 68mila chilometri quadrati ne erano rimasti appena otto. Con il suo intervento, ora Sogesid mira a mitigare le conseguenze del cambiamento climatico e ricostituire il bacino, riportando l&#8217;acqua e quindi l&#8217;ecosistema lacustre originale, laddove ora avanza il deserto di Aralkum. Stravato sottolinea che l&#8217;intervento \u00ab\u00e8 stato approvato dai cinque stati dell&#8217;Asia centrale, con capofila il Kazakistan\u00bb. Secondo l&#8217;Ad di Sogesid, \u00abla presenza dell&#8217;Italia in quel quadrante, cos\u00ec importante anche in termini di scambi commerciali \u2013 siamo lungo la cosiddetta Via della seta, tra Cina e mar Caspio \u2013 \u00e8 strategica e quindi fondamentale per il nostro Paese. Aver riconosciuto all&#8217;Italia questo ruolo, e quindi a Sogesid, \u00e8 un fattore importante\u00bb. Pi\u00f9 in generale, Sogesid partecipa al Piano Mattei per l&#8217;Africa, \u00abcon un ruolo di riuscita e messa a terra di progetti complessi e articolati, specialmente su scenari internazionali\u00bb. Come continua Stravato, \u00abgestiamo processi in termini di management, integrazione delle complessit\u00e0 dei territori, sintesi tra le varie progettualit\u00e0 in campo e, naturalmente, supporto alle comunit\u00e0 locali in termini di formazione e gestione: sono loro- tiene a evidenziare il dirigente- le principali partecipanti e artefici dei progetti\u00bb. L&#8217;intervista si tiene a margine del convegno &#8216;Le opportunit\u00e0 del Piano Mattei per lo sviluppo dell&#8217;Africa. Imprese, cooperative e associazioni protagoniste del cambiamento&#8217;, oggi al Senato.<\/p>\n\n\n\n<p>Alessandra Fabbretti<\/p>\n","protected":false},"excerpt":{"rendered":"<p>Il lago d&#8217;Aral, in Asia centrale, un tempo il quarto lago a livello mondiale per estensione ma dichiarato prosciugato negli ultimi anni a causa dell&#8217;azione dell&#8217;uomo, ha un&#8217;occasione di riscatto grazie all&#8217;Italia. A occuparsene, grazie a un progetto realizzato su mandato del ministero degli Affari esteri e della cooperazione internazionale, \u00e8 l&#8217;azienda partecipata Sogesid Spa. [&hellip;]<\/p>\n","protected":false},"author":1,"featured_media":1000020760,"comment_status":"closed","ping_status":"open","sticky":false,"template":"","format":"standard","meta":{"content-type":"","_jetpack_memberships_contains_paid_content":false,"jnews-multi-image_gallery":[],"jnews_single_post":{"format":"standard"},"jnews_primary_category":[],"footnotes":"","jetpack_publicize_message":"","jetpack_publicize_feature_enabled":true,"jetpack_social_post_already_shared":true,"jetpack_social_options":{"image_generator_settings":{"template":"highway","default_image_id":0,"font":"","enabled":false},"version":2}},"categories":[42],"tags":[271],"class_list":{"0":"post-1000020759","1":"post","2":"type-post","3":"status-publish","4":"format-standard","5":"has-post-thumbnail","7":"category-ecologia","8":"tag-ambiente"},"jetpack_publicize_connections":[],"jetpack_featured_media_url":"https:\/\/i0.wp.com\/gazzettinoitalianopatagonico.com\/wp-content\/uploads\/2025\/07\/stravato.jpg?fit=951%2C592&ssl=1","jetpack_likes_enabled":true,"jetpack_sharing_enabled":true,"_links":{"self":[{"href":"https:\/\/gazzettinoitalianopatagonico.com\/index.php?rest_route=\/wp\/v2\/posts\/1000020759","targetHints":{"allow":["GET"]}}],"collection":[{"href":"https:\/\/gazzettinoitalianopatagonico.com\/index.php?rest_route=\/wp\/v2\/posts"}],"about":[{"href":"https:\/\/gazzettinoitalianopatagonico.com\/index.php?rest_route=\/wp\/v2\/types\/post"}],"author":[{"embeddable":true,"href":"https:\/\/gazzettinoitalianopatagonico.com\/index.php?rest_route=\/wp\/v2\/users\/1"}],"replies":[{"embeddable":true,"href":"https:\/\/gazzettinoitalianopatagonico.com\/index.php?rest_route=%2Fwp%2Fv2%2Fcomments&post=1000020759"}],"version-history":[{"count":1,"href":"https:\/\/gazzettinoitalianopatagonico.com\/index.php?rest_route=\/wp\/v2\/posts\/1000020759\/revisions"}],"predecessor-version":[{"id":1000020761,"href":"https:\/\/gazzettinoitalianopatagonico.com\/index.php?rest_route=\/wp\/v2\/posts\/1000020759\/revisions\/1000020761"}],"wp:featuredmedia":[{"embeddable":true,"href":"https:\/\/gazzettinoitalianopatagonico.com\/index.php?rest_route=\/wp\/v2\/media\/1000020760"}],"wp:attachment":[{"href":"https:\/\/gazzettinoitalianopatagonico.com\/index.php?rest_route=%2Fwp%2Fv2%2Fmedia&parent=1000020759"}],"wp:term":[{"taxonomy":"category","embeddable":true,"href":"https:\/\/gazzettinoitalianopatagonico.com\/index.php?rest_route=%2Fwp%2Fv2%2Fcategories&post=1000020759"},{"taxonomy":"post_tag","embeddable":true,"href":"https:\/\/gazzettinoitalianopatagonico.com\/index.php?rest_route=%2Fwp%2Fv2%2Ftags&post=1000020759"}],"curies":[{"name":"wp","href":"https:\/\/api.w.org\/{rel}","templated":true}]}}