{"id":1000020756,"date":"2025-07-28T13:01:26","date_gmt":"2025-07-28T16:01:26","guid":{"rendered":"https:\/\/gazzettinoitalianopatagonico.com\/?p=1000020756"},"modified":"2025-07-28T13:01:28","modified_gmt":"2025-07-28T16:01:28","slug":"dazi-oggi-lincontro-atteso-tra-ursula-von-der-leyen-e-donald-trump-i-possibili-scenari","status":"publish","type":"post","link":"https:\/\/gazzettinoitalianopatagonico.com\/?p=1000020756","title":{"rendered":"Dazi, oggi l&#8217;incontro atteso tra Ursula von der Leyen e Donald Trump: i possibili scenari"},"content":{"rendered":"\n<p>Cresce l&#8217;attesa per l&#8217;incontro di oggi pomeriggio tra von der Leyen e Trump a Turnberry, in Scozia. Sul tavolo i dossier sulle situazioni internazionali pi\u00f9 delicate, ma gli occhi sono tutti puntati sulla questione dazi. Oggi infatti, dovrebbe chiudersi definitivamente la partita tra Usa e Ue sulle tariffe tanto discusse e al momento le previsioni viaggiano verso un cauto ottimismo. Appena atterrato nel Paese che ha dato i natali a sua madre, infatti, il presidente americano ha parlato di un 50% di probabilit\u00e0 di chiusura dell&#8217;accordo, che, se andasse in porto, sarebbe \u00abil pi\u00f9 grande di tutti\u00bb. Il tycoon ha dato anche segnali di apertura nei confronti della presidente della Commissione europea definendola \u00abdonna molto stimata\u00bb. Le premesse ci sono tutte, dunque, ma l&#8217;imprevendibilit\u00e0 a cui ci ha abituati il presidente americano negli ultimi tempi, suggeriscono comunque cautela. L&#8217;intesa pi\u00f9 quotata, \u00e8 quella che vede per l&#8217;Europa dazi al 15%, esattamente la met\u00e0 rispetto al 30% paventato inizialmente da Trump e pronto ad essere applicato dal 1 agosto. Dal canto suo Ursula von der Leyen, potrebbe &#8216;chiudere un occhio&#8217; sulla Web Tax, a cui tiene Washington per tutelare le Big Tech. Rimane invece la chiusura sulla legge Digital services act-Digital markets act, che impone regole pi\u00f9 severe e maggiore trasparenza per i colossi del web. Nel caso di accordo \u00abinsoddisfacente\u00bb invece, ipotesi non del tutto remota, l&#8217;Ue avrebbe gi\u00e0 pronti dei contro-dazi sui prodotti americani, del valore complessivo di 93 miliardi di euro pronti ad entrare in vigore dal 7 agosto. Nel caso in cui diventassero necessarie, le prime contromisure colpirebbero un gruppo di beni dal valore pari a 21 miliardi con un&#8217;aliquota del 25% applicata alla gran parte dei prodotti. Tra i beni interessati ci sarebbero elettrodomestici, motociclette e barche a motore, ma anche beni come la carne bovina, succo d&#8217;arancia, pollame, oli vegetali, orzo, grano e avena.<\/p>\n\n\n\n<p>Sausan Khalil<\/p>\n","protected":false},"excerpt":{"rendered":"<p>Cresce l&#8217;attesa per l&#8217;incontro di oggi pomeriggio tra von der Leyen e Trump a Turnberry, in Scozia. Sul tavolo i dossier sulle situazioni internazionali pi\u00f9 delicate, ma gli occhi sono tutti puntati sulla questione dazi. Oggi infatti, dovrebbe chiudersi definitivamente la partita tra Usa e Ue sulle tariffe tanto discusse e al momento le previsioni [&hellip;]<\/p>\n","protected":false},"author":1,"featured_media":1000020757,"comment_status":"closed","ping_status":"open","sticky":false,"template":"","format":"standard","meta":{"content-type":"","_jetpack_memberships_contains_paid_content":false,"jnews-multi-image_gallery":[],"jnews_single_post":{"format":"standard"},"jnews_primary_category":[],"footnotes":"","jetpack_publicize_message":"","jetpack_publicize_feature_enabled":true,"jetpack_social_post_already_shared":true,"jetpack_social_options":{"image_generator_settings":{"template":"highway","default_image_id":0,"font":"","enabled":false},"version":2}},"categories":[103],"tags":[],"class_list":{"0":"post-1000020756","1":"post","2":"type-post","3":"status-publish","4":"format-standard","5":"has-post-thumbnail","7":"category-economia"},"jetpack_publicize_connections":[],"jetpack_featured_media_url":"https:\/\/i0.wp.com\/gazzettinoitalianopatagonico.com\/wp-content\/uploads\/2025\/07\/FOTO-A-2-SITO11-1024x576-1.jpg?fit=1024%2C576&ssl=1","jetpack_likes_enabled":true,"jetpack_sharing_enabled":true,"_links":{"self":[{"href":"https:\/\/gazzettinoitalianopatagonico.com\/index.php?rest_route=\/wp\/v2\/posts\/1000020756","targetHints":{"allow":["GET"]}}],"collection":[{"href":"https:\/\/gazzettinoitalianopatagonico.com\/index.php?rest_route=\/wp\/v2\/posts"}],"about":[{"href":"https:\/\/gazzettinoitalianopatagonico.com\/index.php?rest_route=\/wp\/v2\/types\/post"}],"author":[{"embeddable":true,"href":"https:\/\/gazzettinoitalianopatagonico.com\/index.php?rest_route=\/wp\/v2\/users\/1"}],"replies":[{"embeddable":true,"href":"https:\/\/gazzettinoitalianopatagonico.com\/index.php?rest_route=%2Fwp%2Fv2%2Fcomments&post=1000020756"}],"version-history":[{"count":1,"href":"https:\/\/gazzettinoitalianopatagonico.com\/index.php?rest_route=\/wp\/v2\/posts\/1000020756\/revisions"}],"predecessor-version":[{"id":1000020758,"href":"https:\/\/gazzettinoitalianopatagonico.com\/index.php?rest_route=\/wp\/v2\/posts\/1000020756\/revisions\/1000020758"}],"wp:featuredmedia":[{"embeddable":true,"href":"https:\/\/gazzettinoitalianopatagonico.com\/index.php?rest_route=\/wp\/v2\/media\/1000020757"}],"wp:attachment":[{"href":"https:\/\/gazzettinoitalianopatagonico.com\/index.php?rest_route=%2Fwp%2Fv2%2Fmedia&parent=1000020756"}],"wp:term":[{"taxonomy":"category","embeddable":true,"href":"https:\/\/gazzettinoitalianopatagonico.com\/index.php?rest_route=%2Fwp%2Fv2%2Fcategories&post=1000020756"},{"taxonomy":"post_tag","embeddable":true,"href":"https:\/\/gazzettinoitalianopatagonico.com\/index.php?rest_route=%2Fwp%2Fv2%2Ftags&post=1000020756"}],"curies":[{"name":"wp","href":"https:\/\/api.w.org\/{rel}","templated":true}]}}