{"id":1000020753,"date":"2025-07-28T12:59:54","date_gmt":"2025-07-28T15:59:54","guid":{"rendered":"https:\/\/gazzettinoitalianopatagonico.com\/?p=1000020753"},"modified":"2025-07-28T12:59:56","modified_gmt":"2025-07-28T15:59:56","slug":"el-drama-demografico-de-uruguay-estiman-que-para-2070-podria-perder-casi-medio-millon-de-habitantes","status":"publish","type":"post","link":"https:\/\/gazzettinoitalianopatagonico.com\/?p=1000020753","title":{"rendered":"El drama demogr\u00e1fico de Uruguay: estiman que para 2070 podr\u00eda perder casi medio mill\u00f3n de habitantes"},"content":{"rendered":"\n<p><\/p>\n\n\n\n<p>Si en las pr\u00f3ximas d\u00e9cadas Uruguay no registra una fuerte llegada de migrantes, el pa\u00eds perder\u00e1 poblaci\u00f3n a\u00f1o a a\u00f1o y llegar\u00e1 al 2070 con cerca de 500 habitantes menos. Esto significa que estar\u00e1 al borde de los 3 millones de habitantes. Los datos surgen de las proyecciones del Instituto Nacional de Estad\u00edstica (INE), a partir de la informaci\u00f3n recabada en el Censo de 2023. \u00abLas nuevas proyecciones poblacionales muestran una tendencia que invita a pensar el rumbo demogr\u00e1fico del Uruguay en las pr\u00f3ximas d\u00e9cadas\u00bb, concluy\u00f3 el INE. Uruguay perder\u00e1 poblaci\u00f3n cada a\u00f1o, de acuerdo a estas estimaciones, por el crecimiento natural negativo del pa\u00eds. Es decir, cada vez habr\u00e1 m\u00e1s muertes que nacimientos. Esta tendencia ya se viene notando desde hace algunos a\u00f1os: el pa\u00eds atraviesa un \u00abdeclive poblacional\u00bb.<\/p>\n\n\n\n<figure class=\"wp-block-image size-full is-resized\"><img data-recalc-dims=\"1\" fetchpriority=\"high\" decoding=\"async\" width=\"567\" height=\"321\" data-attachment-id=\"1000020754\" data-permalink=\"https:\/\/gazzettinoitalianopatagonico.com\/?attachment_id=1000020754\" data-orig-file=\"https:\/\/i0.wp.com\/gazzettinoitalianopatagonico.com\/wp-content\/uploads\/2025\/07\/image-2.jpeg?fit=567%2C321&amp;ssl=1\" data-orig-size=\"567,321\" data-comments-opened=\"0\" data-image-meta=\"{&quot;aperture&quot;:&quot;0&quot;,&quot;credit&quot;:&quot;&quot;,&quot;camera&quot;:&quot;&quot;,&quot;caption&quot;:&quot;&quot;,&quot;created_timestamp&quot;:&quot;0&quot;,&quot;copyright&quot;:&quot;&quot;,&quot;focal_length&quot;:&quot;0&quot;,&quot;iso&quot;:&quot;0&quot;,&quot;shutter_speed&quot;:&quot;0&quot;,&quot;title&quot;:&quot;&quot;,&quot;orientation&quot;:&quot;0&quot;}\" data-image-title=\"image\" data-image-description=\"\" data-image-caption=\"\" data-medium-file=\"https:\/\/i0.wp.com\/gazzettinoitalianopatagonico.com\/wp-content\/uploads\/2025\/07\/image-2.jpeg?fit=300%2C170&amp;ssl=1\" data-large-file=\"https:\/\/i0.wp.com\/gazzettinoitalianopatagonico.com\/wp-content\/uploads\/2025\/07\/image-2.jpeg?fit=567%2C321&amp;ssl=1\" src=\"https:\/\/i0.wp.com\/gazzettinoitalianopatagonico.com\/wp-content\/uploads\/2025\/07\/image-2.jpeg?resize=567%2C321&#038;ssl=1\" alt=\"\" class=\"wp-image-1000020754\" style=\"width:1169px;height:auto\" srcset=\"https:\/\/i0.wp.com\/gazzettinoitalianopatagonico.com\/wp-content\/uploads\/2025\/07\/image-2.jpeg?w=567&amp;ssl=1 567w, https:\/\/i0.wp.com\/gazzettinoitalianopatagonico.com\/wp-content\/uploads\/2025\/07\/image-2.jpeg?resize=300%2C170&amp;ssl=1 300w\" sizes=\"(max-width: 567px) 100vw, 567px\" \/><\/figure>\n\n\n\n<p>Poblaci\u00f3n de Uruguay estimada y proyectada 1950-2070 (INE)<\/p>\n\n\n\n<p>En el corto plazo se espera una leve recuperaci\u00f3n de la poblaci\u00f3n, pero la cantidad de nacimientos seguir\u00e1 bajando y el n\u00famero de fallecimientos continuar\u00e1 creciendo de manera sostenida, de acuerdo a los c\u00e1lculos del instituto.&nbsp;<strong>Al final del per\u00edodo que se proyecta, por tanto, la diferencia entre nacimientos y defunciones podr\u00eda alcanzar las 20 mil personas por a\u00f1o.<\/strong> La poblaci\u00f3n uruguaya decrecer\u00e1 durante los pr\u00f3ximos a\u00f1os, aunque de manera moderada.&nbsp;<strong>Se pasar\u00e1 de 3,5 millones de personas en 2024 a 3,4 millones en 2045<\/strong>.&nbsp;<strong>Esta ca\u00edda se acentuar\u00e1 a largo plazo y alcanzar\u00e1 los 3 millones en 2070<\/strong>. \u00ab<strong>De esta manera, la poblaci\u00f3n total en 2070 estar\u00eda cercana a la cifra estimada en Uruguay para el a\u00f1o 1985<\/strong>\u00ab, se\u00f1ala el informe del INE. Esta din\u00e1mica \u00abest\u00e1 fuertemente influida\u00bb por dos factores. Por un lado, la&nbsp;<strong>mayor cantidad de muertes, marcada por el \u00abenvejecimiento poblacional\u00bb<\/strong>&nbsp;de Uruguay, que implica \u00abuna mayor cantidad de personas en edades avanzadas\u00bb. \u00abAunque viviremos m\u00e1s a\u00f1os, las defunciones aumentar\u00e1n en un 25% respecto al bienio previo a la pandemia\u00bb, proyecta el INE. El segundo elemento es la<strong>&nbsp;menor cantidad de nacimientos<\/strong>. Adem\u00e1s de una ca\u00edda en la fecundidad,&nbsp;<strong>se proyecta una \u00abfuerte disminuci\u00f3n en la cantidad de mujeres en edad f\u00e9rtil\u00bb<\/strong>. En 2024, hab\u00eda unas 502 mil mujeres entre 20 y 39 a\u00f1os, pero se estima que ser\u00e1n 414 mil en 2045 y 305 mil en 2070. \u00bfQu\u00e9 otras caracter\u00edsticas tendr\u00e1n la poblaci\u00f3n uruguaya en 2070? Seg\u00fan las proyecciones del INE, habr\u00e1 un \u00abcambio profundo\u00bb en la estructura por edades de la poblaci\u00f3n uruguaya. Ese a\u00f1o el pa\u00eds tendr\u00e1&nbsp;<strong>menos ni\u00f1os, menos personas en edad de trabajar y casi el doble de personas mayores.<\/strong> \u00abImpresionante la pir\u00e1mide poblacional en 2070.&nbsp;<strong>Se vac\u00edan las edades j\u00f3venes<\/strong>\u00ab, escribi\u00f3 el ex director del INE Diego Aboal, al interpretar los n\u00fameros en la red social X. Para ese a\u00f1o -y siempre de acuerdo a estas estimaciones-, la poblaci\u00f3n menor de 15 a\u00f1os pasar\u00e1 de representar el 18% de los habitantes a ser apenas el 11,5%. Esto, en n\u00fameros absolutos, significa que habr\u00e1 valores por debajo de las 350 mil personas. Es una ca\u00edda del 44,3%. El grupo de personas en edad laboral lo forman ciudadanos de entre 15 y 64 a\u00f1os. Este grupo crecer\u00e1 levemente hasta el 2033 y luego comenzar\u00e1 a disminuir. Para el 2070, se estima que habr\u00e1 1,7 millones de personas en edad laboral, un 26,2% menos que en la actualidad.&nbsp;<strong>Habr\u00e1, por tanto, \u00abdesaf\u00edos para la sostenibilidad econ\u00f3mica y los sistemas de seguridad social\u00bb<\/strong>, adelanta el INE. La poblaci\u00f3n mayor a 65 a\u00f1os seguir\u00e1 creciendo y casi se duplicar\u00e1:&nbsp;<strong>pasar\u00e1 de 553 mil a 990 mil personas entre 2024 y 2070.<\/strong>&nbsp;Ser\u00e1n un tercio del total de los habitantes del pa\u00eds. Hoy representan el 16%. En 2024, la edad promedio en Uruguay era 39 a\u00f1os. Este n\u00famero subir\u00e1 hasta 44,3 a\u00f1os en 2045 y llegar\u00e1 a casi 50 a\u00f1os en 2070. \u00abEsto significa que cada vez habr\u00e1 m\u00e1s personas mayores y menos j\u00f3venes, un cambio que impactar\u00e1 en la educaci\u00f3n, el mercado laboral, el sistema de salud y la vida cotidiana\u00bb, anticipa el INE. El descenso de la poblaci\u00f3n no es un fen\u00f3meno exclusivo de Uruguay, sino que se ha convertido en una tendencia mundial. Sin embargo, Uruguay, que ha sido un pa\u00eds \u00abpionero en la transici\u00f3n demogr\u00e1fica en la regi\u00f3n\u00bb, ya est\u00e1 en esa senda de decrecimiento.&nbsp;<strong>Varios pa\u00edses latinoamericanos, sin embargo, experimentar\u00e1n este cambio de cara a la segunda mitad del siglo, seg\u00fan las proyecciones de Naciones Unidas.<\/strong><\/p>\n\n\n\n<p>Pedro Tristant<\/p>\n\n\n\n<p><\/p>\n","protected":false},"excerpt":{"rendered":"<p>Si en las pr\u00f3ximas d\u00e9cadas Uruguay no registra una fuerte llegada de migrantes, el pa\u00eds perder\u00e1 poblaci\u00f3n a\u00f1o a a\u00f1o y llegar\u00e1 al 2070 con cerca de 500 habitantes menos. Esto significa que estar\u00e1 al borde de los 3 millones de habitantes. Los datos surgen de las proyecciones del Instituto Nacional de Estad\u00edstica (INE), a [&hellip;]<\/p>\n","protected":false},"author":1,"featured_media":1000020754,"comment_status":"closed","ping_status":"open","sticky":false,"template":"","format":"standard","meta":{"content-type":"","_jetpack_memberships_contains_paid_content":false,"jnews-multi-image_gallery":[],"jnews_single_post":{"format":"standard"},"jnews_primary_category":[],"footnotes":"","jetpack_publicize_message":"","jetpack_publicize_feature_enabled":true,"jetpack_social_post_already_shared":true,"jetpack_social_options":{"image_generator_settings":{"template":"highway","default_image_id":0,"font":"","enabled":false},"version":2}},"categories":[270],"tags":[268],"class_list":{"0":"post-1000020753","1":"post","2":"type-post","3":"status-publish","4":"format-standard","5":"has-post-thumbnail","7":"category-america-latina","8":"tag-america-latina"},"jetpack_publicize_connections":[],"jetpack_featured_media_url":"https:\/\/i0.wp.com\/gazzettinoitalianopatagonico.com\/wp-content\/uploads\/2025\/07\/image-2.jpeg?fit=567%2C321&ssl=1","jetpack_likes_enabled":true,"jetpack_sharing_enabled":true,"_links":{"self":[{"href":"https:\/\/gazzettinoitalianopatagonico.com\/index.php?rest_route=\/wp\/v2\/posts\/1000020753","targetHints":{"allow":["GET"]}}],"collection":[{"href":"https:\/\/gazzettinoitalianopatagonico.com\/index.php?rest_route=\/wp\/v2\/posts"}],"about":[{"href":"https:\/\/gazzettinoitalianopatagonico.com\/index.php?rest_route=\/wp\/v2\/types\/post"}],"author":[{"embeddable":true,"href":"https:\/\/gazzettinoitalianopatagonico.com\/index.php?rest_route=\/wp\/v2\/users\/1"}],"replies":[{"embeddable":true,"href":"https:\/\/gazzettinoitalianopatagonico.com\/index.php?rest_route=%2Fwp%2Fv2%2Fcomments&post=1000020753"}],"version-history":[{"count":1,"href":"https:\/\/gazzettinoitalianopatagonico.com\/index.php?rest_route=\/wp\/v2\/posts\/1000020753\/revisions"}],"predecessor-version":[{"id":1000020755,"href":"https:\/\/gazzettinoitalianopatagonico.com\/index.php?rest_route=\/wp\/v2\/posts\/1000020753\/revisions\/1000020755"}],"wp:featuredmedia":[{"embeddable":true,"href":"https:\/\/gazzettinoitalianopatagonico.com\/index.php?rest_route=\/wp\/v2\/media\/1000020754"}],"wp:attachment":[{"href":"https:\/\/gazzettinoitalianopatagonico.com\/index.php?rest_route=%2Fwp%2Fv2%2Fmedia&parent=1000020753"}],"wp:term":[{"taxonomy":"category","embeddable":true,"href":"https:\/\/gazzettinoitalianopatagonico.com\/index.php?rest_route=%2Fwp%2Fv2%2Fcategories&post=1000020753"},{"taxonomy":"post_tag","embeddable":true,"href":"https:\/\/gazzettinoitalianopatagonico.com\/index.php?rest_route=%2Fwp%2Fv2%2Ftags&post=1000020753"}],"curies":[{"name":"wp","href":"https:\/\/api.w.org\/{rel}","templated":true}]}}