{"id":1000020743,"date":"2025-07-28T12:51:23","date_gmt":"2025-07-28T15:51:23","guid":{"rendered":"https:\/\/gazzettinoitalianopatagonico.com\/?p=1000020743"},"modified":"2025-07-28T12:51:25","modified_gmt":"2025-07-28T15:51:25","slug":"argentina-mar-del-plata-70-anni-di-casa-ditalia","status":"publish","type":"post","link":"https:\/\/gazzettinoitalianopatagonico.com\/?p=1000020743","title":{"rendered":"Argentina, Mar del Plata: 70 anni di Casa d&#8217;Italia"},"content":{"rendered":"\n<p>La Federaci\u00f3n de Sociedades Italianas Mar del Plata y zona festegger\u00e0 il prossimo 9 agosto i 70 anni della Casa d&#8217;Italia.<\/p>\n\n\n\n<p>Un anniversario speciale e una festa che sar\u00e0 a base delle specialit\u00e0 italiane, cibo, sapori e tradizioni che uniscono la comunit\u00e0 da generazioni.<\/p>\n\n\n\n<p>Il pranzo, con un men\u00f9 interamente italiano, comprender\u00e0 anche uno spettacolo a sorpresa e alcune estrazioni di lotteria.<\/p>\n\n\n\n<p>L&#8217;appuntamento \u00e8 per sabato 9 agosto alle 12.45.<\/p>\n","protected":false},"excerpt":{"rendered":"<p>La Federaci\u00f3n de Sociedades Italianas Mar del Plata y zona festegger\u00e0 il prossimo 9 agosto i 70 anni della Casa d&#8217;Italia. Un anniversario speciale e una festa che sar\u00e0 a base delle specialit\u00e0 italiane, cibo, sapori e tradizioni che uniscono la comunit\u00e0 da generazioni. Il pranzo, con un men\u00f9 interamente italiano, comprender\u00e0 anche uno spettacolo [&hellip;]<\/p>\n","protected":false},"author":1,"featured_media":1000020744,"comment_status":"closed","ping_status":"open","sticky":false,"template":"","format":"standard","meta":{"content-type":"","_jetpack_memberships_contains_paid_content":false,"jnews-multi-image_gallery":[],"jnews_single_post":{"format":"standard"},"jnews_primary_category":[],"footnotes":"","jetpack_publicize_message":"","jetpack_publicize_feature_enabled":true,"jetpack_social_post_already_shared":true,"jetpack_social_options":{"image_generator_settings":{"template":"highway","default_image_id":0,"font":"","enabled":false},"version":2}},"categories":[270],"tags":[268],"class_list":{"0":"post-1000020743","1":"post","2":"type-post","3":"status-publish","4":"format-standard","5":"has-post-thumbnail","7":"category-america-latina","8":"tag-america-latina"},"jetpack_publicize_connections":[],"jetpack_featured_media_url":"https:\/\/i0.wp.com\/gazzettinoitalianopatagonico.com\/wp-content\/uploads\/2025\/07\/dfeeee.png?fit=992%2C558&ssl=1","jetpack_likes_enabled":true,"jetpack_sharing_enabled":true,"_links":{"self":[{"href":"https:\/\/gazzettinoitalianopatagonico.com\/index.php?rest_route=\/wp\/v2\/posts\/1000020743","targetHints":{"allow":["GET"]}}],"collection":[{"href":"https:\/\/gazzettinoitalianopatagonico.com\/index.php?rest_route=\/wp\/v2\/posts"}],"about":[{"href":"https:\/\/gazzettinoitalianopatagonico.com\/index.php?rest_route=\/wp\/v2\/types\/post"}],"author":[{"embeddable":true,"href":"https:\/\/gazzettinoitalianopatagonico.com\/index.php?rest_route=\/wp\/v2\/users\/1"}],"replies":[{"embeddable":true,"href":"https:\/\/gazzettinoitalianopatagonico.com\/index.php?rest_route=%2Fwp%2Fv2%2Fcomments&post=1000020743"}],"version-history":[{"count":1,"href":"https:\/\/gazzettinoitalianopatagonico.com\/index.php?rest_route=\/wp\/v2\/posts\/1000020743\/revisions"}],"predecessor-version":[{"id":1000020745,"href":"https:\/\/gazzettinoitalianopatagonico.com\/index.php?rest_route=\/wp\/v2\/posts\/1000020743\/revisions\/1000020745"}],"wp:featuredmedia":[{"embeddable":true,"href":"https:\/\/gazzettinoitalianopatagonico.com\/index.php?rest_route=\/wp\/v2\/media\/1000020744"}],"wp:attachment":[{"href":"https:\/\/gazzettinoitalianopatagonico.com\/index.php?rest_route=%2Fwp%2Fv2%2Fmedia&parent=1000020743"}],"wp:term":[{"taxonomy":"category","embeddable":true,"href":"https:\/\/gazzettinoitalianopatagonico.com\/index.php?rest_route=%2Fwp%2Fv2%2Fcategories&post=1000020743"},{"taxonomy":"post_tag","embeddable":true,"href":"https:\/\/gazzettinoitalianopatagonico.com\/index.php?rest_route=%2Fwp%2Fv2%2Ftags&post=1000020743"}],"curies":[{"name":"wp","href":"https:\/\/api.w.org\/{rel}","templated":true}]}}