{"id":1000020740,"date":"2025-07-28T12:48:48","date_gmt":"2025-07-28T15:48:48","guid":{"rendered":"https:\/\/gazzettinoitalianopatagonico.com\/?p=1000020740"},"modified":"2025-07-28T12:48:49","modified_gmt":"2025-07-28T15:48:49","slug":"italia-ayuda-a-reforzar-derechos-humanos-en-las-carceles-chilenas","status":"publish","type":"post","link":"https:\/\/gazzettinoitalianopatagonico.com\/?p=1000020740","title":{"rendered":"Italia ayuda a reforzar Derechos Humanos en las c\u00e1rceles chilenas"},"content":{"rendered":"\n<p>El curso de capacitaci\u00f3n en Derechos Humanos para funcionarios de la Gendarmer\u00eda de Chile, promovido por IDLO &#8211; Organizaci\u00f3n Internacional para el Derecho del Desarrollo con el apoyo financiero del Ministerio de Asuntos Exteriores y Cooperaci\u00f3n Internacional de Italia, ha comenzado oficialmente. El programa, con 35 participantes, busca fortalecer la concienciaci\u00f3n sobre derechos humanos del personal penitenciario chileno, con especial \u00e9nfasis en la protecci\u00f3n de las mujeres y los grupos vulnerables. Durante la ceremonia inaugural, Daniela Quintanilla Mateff, Subsecretaria de Derechos Humanos del Ministerio de Justicia de Chile, destac\u00f3 el valor de la iniciativa y el rol de la Gendarmer\u00eda, calific\u00e1ndola de instituci\u00f3n capaz de comprender que los derechos humanos \u00abno son solo una limitaci\u00f3n para la acci\u00f3n, sino que representan una herramienta estrat\u00e9gica que legitima nuestra labor y, a quienes tienen la dif\u00edcil tarea de ejercer el monopolio de la fuerza, una gran responsabilidad\u00bb. \u00abLa capacitaci\u00f3n continua, declar\u00f3 la Primera Secretaria de la Embajada de Italia en Chile, Althea Cenciarelli, representa mucho m\u00e1s que una iniciativa t\u00e9cnica: es la expresi\u00f3n concreta de una visi\u00f3n compartida entre Italia y Chile, basada en el respeto mutuo, la centralidad de los derechos humanos y el desarrollo de respuestas eficaces a los desaf\u00edos globales, incluyendo la delincuencia organizada transnacional, un \u00e1mbito en el que ambos pa\u00edses colaboran cada vez con mayor intensidad\u00bb. La Jefa del Programa de IDLO para Am\u00e9rica Latina y el Caribe, Sara Nardicchia, reafirm\u00f3 el compromiso de la Organizaci\u00f3n de colaborar con Italia y Chile para promover una gesti\u00f3n penitenciaria eficaz, transparente y plenamente respetuosa de los derechos humanos. Altos funcionarios de la Gendarmer\u00eda de Chile tambi\u00e9n asistieron a la ceremonia, entre ellos la Subdirectora de Operaciones, Helen Leal Gonz\u00e1lez, y el Subdirector de Reinserci\u00f3n Social, Pablo Gaete Letelier. Letelier agradeci\u00f3 al Gobierno italiano y a IDLO su apoyo: \u00abPara nuestra instituci\u00f3n, la protecci\u00f3n de los derechos humanos es una prioridad. Animo a los participantes a aprovechar al m\u00e1ximo esta experiencia formativa para que se pueda integrar un enfoque de derechos humanos en cada una de las unidades penitenciarias del pa\u00eds\u00bb, dijo. Los participantes del curso fueron seleccionados con base en criterios que tuvieron en cuenta la complejidad operativa de sus respectivos centros de detenci\u00f3n y el papel estrat\u00e9gico que desempe\u00f1an en las distintas penitenciar\u00edas, con el fin de garantizar un impacto efectivo y duradero de la formaci\u00f3n.<\/p>\n","protected":false},"excerpt":{"rendered":"<p>El curso de capacitaci\u00f3n en Derechos Humanos para funcionarios de la Gendarmer\u00eda de Chile, promovido por IDLO &#8211; Organizaci\u00f3n Internacional para el Derecho del Desarrollo con el apoyo financiero del Ministerio de Asuntos Exteriores y Cooperaci\u00f3n Internacional de Italia, ha comenzado oficialmente. El programa, con 35 participantes, busca fortalecer la concienciaci\u00f3n sobre derechos humanos del [&hellip;]<\/p>\n","protected":false},"author":1,"featured_media":1000020741,"comment_status":"closed","ping_status":"open","sticky":false,"template":"","format":"standard","meta":{"content-type":"","_jetpack_memberships_contains_paid_content":false,"jnews-multi-image_gallery":[],"jnews_single_post":{"format":"standard"},"jnews_primary_category":[],"footnotes":"","jetpack_publicize_message":"","jetpack_publicize_feature_enabled":true,"jetpack_social_post_already_shared":true,"jetpack_social_options":{"image_generator_settings":{"template":"highway","default_image_id":0,"font":"","enabled":false},"version":2}},"categories":[270],"tags":[268],"class_list":{"0":"post-1000020740","1":"post","2":"type-post","3":"status-publish","4":"format-standard","5":"has-post-thumbnail","7":"category-america-latina","8":"tag-america-latina"},"jetpack_publicize_connections":[],"jetpack_featured_media_url":"https:\/\/i0.wp.com\/gazzettinoitalianopatagonico.com\/wp-content\/uploads\/2025\/07\/jgdf.png?fit=696%2C461&ssl=1","jetpack_likes_enabled":true,"jetpack_sharing_enabled":true,"_links":{"self":[{"href":"https:\/\/gazzettinoitalianopatagonico.com\/index.php?rest_route=\/wp\/v2\/posts\/1000020740","targetHints":{"allow":["GET"]}}],"collection":[{"href":"https:\/\/gazzettinoitalianopatagonico.com\/index.php?rest_route=\/wp\/v2\/posts"}],"about":[{"href":"https:\/\/gazzettinoitalianopatagonico.com\/index.php?rest_route=\/wp\/v2\/types\/post"}],"author":[{"embeddable":true,"href":"https:\/\/gazzettinoitalianopatagonico.com\/index.php?rest_route=\/wp\/v2\/users\/1"}],"replies":[{"embeddable":true,"href":"https:\/\/gazzettinoitalianopatagonico.com\/index.php?rest_route=%2Fwp%2Fv2%2Fcomments&post=1000020740"}],"version-history":[{"count":1,"href":"https:\/\/gazzettinoitalianopatagonico.com\/index.php?rest_route=\/wp\/v2\/posts\/1000020740\/revisions"}],"predecessor-version":[{"id":1000020742,"href":"https:\/\/gazzettinoitalianopatagonico.com\/index.php?rest_route=\/wp\/v2\/posts\/1000020740\/revisions\/1000020742"}],"wp:featuredmedia":[{"embeddable":true,"href":"https:\/\/gazzettinoitalianopatagonico.com\/index.php?rest_route=\/wp\/v2\/media\/1000020741"}],"wp:attachment":[{"href":"https:\/\/gazzettinoitalianopatagonico.com\/index.php?rest_route=%2Fwp%2Fv2%2Fmedia&parent=1000020740"}],"wp:term":[{"taxonomy":"category","embeddable":true,"href":"https:\/\/gazzettinoitalianopatagonico.com\/index.php?rest_route=%2Fwp%2Fv2%2Fcategories&post=1000020740"},{"taxonomy":"post_tag","embeddable":true,"href":"https:\/\/gazzettinoitalianopatagonico.com\/index.php?rest_route=%2Fwp%2Fv2%2Ftags&post=1000020740"}],"curies":[{"name":"wp","href":"https:\/\/api.w.org\/{rel}","templated":true}]}}