{"id":1000020737,"date":"2025-07-28T12:46:55","date_gmt":"2025-07-28T15:46:55","guid":{"rendered":"https:\/\/gazzettinoitalianopatagonico.com\/?p=1000020737"},"modified":"2025-07-28T12:46:57","modified_gmt":"2025-07-28T15:46:57","slug":"la-nave-della-marina-militare-trieste-fa-scalo-a-lisbona-dallambasciata-gli-orari-di-visita","status":"publish","type":"post","link":"https:\/\/gazzettinoitalianopatagonico.com\/?p=1000020737","title":{"rendered":"La Nave della Marina Militare \u00abTrieste\u00bb fa scalo a Lisbona: dall&#8217;Ambasciata gli orari di visita"},"content":{"rendered":"\n<p>La nave della Marina Militare Italiana \u00abTrieste\u00bb, la pi\u00f9 grande unit\u00e0 mai costruita per la Marina Militare dalla cantieristica nazionale, far\u00e0 scalo a Lisbona, in Portogallo, dal 31 luglio al 3 agosto. Sar\u00e0 ormeggiata al Terminal crociere di Santa Apol\u00f3nia. L&#8217;Ambasciata d&#8217;Italia ha reso noti, attraverso una nota sul suo sito, gli orari per visitare la nave in diverse fasce orarie: 31 luglio dalle 15.00 alle 19.00; dal 1\u00b0 agosto dalle 10.00 alle 12.00; e 2 agosto dalle 10.00 alle 12.00 e dalle 15.00 alle 19.00.<\/p>\n","protected":false},"excerpt":{"rendered":"<p>La nave della Marina Militare Italiana \u00abTrieste\u00bb, la pi\u00f9 grande unit\u00e0 mai costruita per la Marina Militare dalla cantieristica nazionale, far\u00e0 scalo a Lisbona, in Portogallo, dal 31 luglio al 3 agosto. Sar\u00e0 ormeggiata al Terminal crociere di Santa Apol\u00f3nia. L&#8217;Ambasciata d&#8217;Italia ha reso noti, attraverso una nota sul suo sito, gli orari per visitare [&hellip;]<\/p>\n","protected":false},"author":1,"featured_media":1000020738,"comment_status":"closed","ping_status":"open","sticky":false,"template":"","format":"standard","meta":{"content-type":"","_jetpack_memberships_contains_paid_content":false,"jnews-multi-image_gallery":[],"jnews_single_post":{"format":"standard"},"jnews_primary_category":[],"footnotes":"","jetpack_publicize_message":"","jetpack_publicize_feature_enabled":true,"jetpack_social_post_already_shared":true,"jetpack_social_options":{"image_generator_settings":{"template":"highway","default_image_id":0,"font":"","enabled":false},"version":2}},"categories":[255],"tags":[],"class_list":{"0":"post-1000020737","1":"post","2":"type-post","3":"status-publish","4":"format-standard","5":"has-post-thumbnail","7":"category-sociales"},"jetpack_publicize_connections":[],"jetpack_featured_media_url":"https:\/\/i0.wp.com\/gazzettinoitalianopatagonico.com\/wp-content\/uploads\/2025\/07\/sdfgg.png?fit=701%2C357&ssl=1","jetpack_likes_enabled":true,"jetpack_sharing_enabled":true,"_links":{"self":[{"href":"https:\/\/gazzettinoitalianopatagonico.com\/index.php?rest_route=\/wp\/v2\/posts\/1000020737","targetHints":{"allow":["GET"]}}],"collection":[{"href":"https:\/\/gazzettinoitalianopatagonico.com\/index.php?rest_route=\/wp\/v2\/posts"}],"about":[{"href":"https:\/\/gazzettinoitalianopatagonico.com\/index.php?rest_route=\/wp\/v2\/types\/post"}],"author":[{"embeddable":true,"href":"https:\/\/gazzettinoitalianopatagonico.com\/index.php?rest_route=\/wp\/v2\/users\/1"}],"replies":[{"embeddable":true,"href":"https:\/\/gazzettinoitalianopatagonico.com\/index.php?rest_route=%2Fwp%2Fv2%2Fcomments&post=1000020737"}],"version-history":[{"count":1,"href":"https:\/\/gazzettinoitalianopatagonico.com\/index.php?rest_route=\/wp\/v2\/posts\/1000020737\/revisions"}],"predecessor-version":[{"id":1000020739,"href":"https:\/\/gazzettinoitalianopatagonico.com\/index.php?rest_route=\/wp\/v2\/posts\/1000020737\/revisions\/1000020739"}],"wp:featuredmedia":[{"embeddable":true,"href":"https:\/\/gazzettinoitalianopatagonico.com\/index.php?rest_route=\/wp\/v2\/media\/1000020738"}],"wp:attachment":[{"href":"https:\/\/gazzettinoitalianopatagonico.com\/index.php?rest_route=%2Fwp%2Fv2%2Fmedia&parent=1000020737"}],"wp:term":[{"taxonomy":"category","embeddable":true,"href":"https:\/\/gazzettinoitalianopatagonico.com\/index.php?rest_route=%2Fwp%2Fv2%2Fcategories&post=1000020737"},{"taxonomy":"post_tag","embeddable":true,"href":"https:\/\/gazzettinoitalianopatagonico.com\/index.php?rest_route=%2Fwp%2Fv2%2Ftags&post=1000020737"}],"curies":[{"name":"wp","href":"https:\/\/api.w.org\/{rel}","templated":true}]}}