{"id":1000020689,"date":"2025-07-27T11:46:18","date_gmt":"2025-07-27T14:46:18","guid":{"rendered":"https:\/\/gazzettinoitalianopatagonico.com\/?p=1000020689"},"modified":"2025-07-27T11:46:20","modified_gmt":"2025-07-27T14:46:20","slug":"onori-azione-consolato-di-manchester-in-sofferenza-servono-soluzioni-strutturali","status":"publish","type":"post","link":"https:\/\/gazzettinoitalianopatagonico.com\/?p=1000020689","title":{"rendered":"Onori (Azione): \u00abConsolato di Manchester in sofferenza, servono soluzioni strutturali\u00bb"},"content":{"rendered":"\n<p>\u00abLa situazione al Consolato d&#8217;Italia a Manchester continua a presentare gravi criticit\u00e0 per migliaia di cittadini italiani, che devono attendere anche sei mesi per ottenere un passaporto. Servendo una comunit\u00e0 di oltre 116.000 connazionali con meno di 20 addetti, \u00e8 tra le sedi che soffre il maggiore sotto organico. Nonostante l&#8217;impegno e l&#8217;elevata produttivit\u00e0 del personale, il carico di lavoro \u00e8 infatti insostenibile e genera ritardi e insoddisfazioni.\u00bb Lo dichiara la deputata di Azione Federica Onori, eletta nella Circoscrizione Esteri (Europa) a seguito del question time in Commissione Esteri di questa settimana, dove ha presentato un&#8217;interrogazione al Ministro degli Affari Esteri sul tema.<\/p>\n\n\n\n<p>\u00abAbbiamo chiesto al Governo di intervenire con urgenza per rafforzare l&#8217;organico del Consolato di Manchester, e ci \u00e8 stato assicurato che \u00e8 in corso un potenziamento che durer\u00e0 fino alla fine del 2025. \u00c8 certamente una buona notizia, ma continueremo a monitorare affinch\u00e9 le misure annunciate si traducano in risultati concreti per i cittadini\u00bb ha concluso Onori.<\/p>\n\n\n\n<p><\/p>\n","protected":false},"excerpt":{"rendered":"<p>\u00abLa situazione al Consolato d&#8217;Italia a Manchester continua a presentare gravi criticit\u00e0 per migliaia di cittadini italiani, che devono attendere anche sei mesi per ottenere un passaporto. Servendo una comunit\u00e0 di oltre 116.000 connazionali con meno di 20 addetti, \u00e8 tra le sedi che soffre il maggiore sotto organico. Nonostante l&#8217;impegno e l&#8217;elevata produttivit\u00e0 del [&hellip;]<\/p>\n","protected":false},"author":1,"featured_media":1000014155,"comment_status":"closed","ping_status":"open","sticky":false,"template":"","format":"standard","meta":{"content-type":"","_jetpack_memberships_contains_paid_content":false,"jnews-multi-image_gallery":[],"jnews_single_post":{"format":"standard"},"jnews_primary_category":[],"footnotes":"","jetpack_publicize_message":"","jetpack_publicize_feature_enabled":true,"jetpack_social_post_already_shared":true,"jetpack_social_options":{"image_generator_settings":{"template":"highway","default_image_id":0,"font":"","enabled":false},"version":2}},"categories":[46,32],"tags":[640],"class_list":{"0":"post-1000020689","1":"post","2":"type-post","3":"status-publish","4":"format-standard","5":"has-post-thumbnail","7":"category-italia","8":"category-politica","9":"tag-federica-onori"},"jetpack_publicize_connections":[],"jetpack_featured_media_url":"https:\/\/i0.wp.com\/gazzettinoitalianopatagonico.com\/wp-content\/uploads\/2025\/03\/onori.png?fit=720%2C390&ssl=1","jetpack_likes_enabled":true,"jetpack_sharing_enabled":true,"_links":{"self":[{"href":"https:\/\/gazzettinoitalianopatagonico.com\/index.php?rest_route=\/wp\/v2\/posts\/1000020689","targetHints":{"allow":["GET"]}}],"collection":[{"href":"https:\/\/gazzettinoitalianopatagonico.com\/index.php?rest_route=\/wp\/v2\/posts"}],"about":[{"href":"https:\/\/gazzettinoitalianopatagonico.com\/index.php?rest_route=\/wp\/v2\/types\/post"}],"author":[{"embeddable":true,"href":"https:\/\/gazzettinoitalianopatagonico.com\/index.php?rest_route=\/wp\/v2\/users\/1"}],"replies":[{"embeddable":true,"href":"https:\/\/gazzettinoitalianopatagonico.com\/index.php?rest_route=%2Fwp%2Fv2%2Fcomments&post=1000020689"}],"version-history":[{"count":1,"href":"https:\/\/gazzettinoitalianopatagonico.com\/index.php?rest_route=\/wp\/v2\/posts\/1000020689\/revisions"}],"predecessor-version":[{"id":1000020690,"href":"https:\/\/gazzettinoitalianopatagonico.com\/index.php?rest_route=\/wp\/v2\/posts\/1000020689\/revisions\/1000020690"}],"wp:featuredmedia":[{"embeddable":true,"href":"https:\/\/gazzettinoitalianopatagonico.com\/index.php?rest_route=\/wp\/v2\/media\/1000014155"}],"wp:attachment":[{"href":"https:\/\/gazzettinoitalianopatagonico.com\/index.php?rest_route=%2Fwp%2Fv2%2Fmedia&parent=1000020689"}],"wp:term":[{"taxonomy":"category","embeddable":true,"href":"https:\/\/gazzettinoitalianopatagonico.com\/index.php?rest_route=%2Fwp%2Fv2%2Fcategories&post=1000020689"},{"taxonomy":"post_tag","embeddable":true,"href":"https:\/\/gazzettinoitalianopatagonico.com\/index.php?rest_route=%2Fwp%2Fv2%2Ftags&post=1000020689"}],"curies":[{"name":"wp","href":"https:\/\/api.w.org\/{rel}","templated":true}]}}