{"id":1000020684,"date":"2025-07-26T10:33:00","date_gmt":"2025-07-26T13:33:00","guid":{"rendered":"https:\/\/gazzettinoitalianopatagonico.com\/?p=1000020684"},"modified":"2025-07-26T10:33:02","modified_gmt":"2025-07-26T13:33:02","slug":"il-95-degli-italiani-si-fa-una-doccia-al-giorno-primi-in-europa-in-francia-il-65-in-uk-e-germania-anche-meno","status":"publish","type":"post","link":"https:\/\/gazzettinoitalianopatagonico.com\/?p=1000020684","title":{"rendered":"Il 95% degli italiani si fa una doccia al giorno, primi in Europa. In Francia il 65%, in Uk e Germania anche meno"},"content":{"rendered":"\n<p>Le estati sono sempre pi\u00f9 roventi e, con esse, cresce anche la frequenza delle docce. Ma se lavarsi pi\u00f9 volte al giorno pu\u00f2 sembrare una scelta naturale \u2014 per rinfrescarsi e sentirsi puliti \u2014 non \u00e8 sempre un bene per la salute della pelle. Secondo dermatologi ed esperti, l&#8217;eccesso di lavaggi, soprattutto se effettuati con acqua troppo calda o con detergenti aggressivi, compromette l&#8217;equilibrio naturale dell&#8217;epidermide. Farsi troppe docce pu\u00f2 alterare il pH cutaneo, eliminare oli protettivi e batteri buoni, e rendere la pelle pi\u00f9 secca, irritata e soggetta a squilibri. A peggiorare il quadro c&#8217;\u00e8 anche la qualit\u00e0 dell&#8217;acqua: il calcare, presente in grandi quantit\u00e0 in molte regioni italiane, accentua la secchezza e favorisce micro-lesioni. Anche usando acqua tiepida, la pelle pu\u00f2 risentire dell&#8217;eccesso di detersione quotidiana, specialmente in estate quando il numero delle docce giornaliere aumenta esponenzialmente.<\/p>\n\n\n\n<p>Gli italiani i pi\u00f9 puliti d&#8217;Europa \u2014 con qualche rischio<\/p>\n\n\n\n<p>Non sorprende che il problema coinvolga in modo particolare l&#8217;Italia. Secondo l&#8217;Osservatorio Europeo dell&#8217;Igiene, il 95% degli italiani fa almeno una doccia al giorno su base annua, un dato che li pone nettamente al primo posto in Europa. Un&#8217;abitudine che si intensifica durante l&#8217;estate, facendo crescere i rischi legati alla salute della pelle. A seguire, tra i Paesi europei pi\u00f9 attenti alla cura quotidiana del corpo, troviamo il Portogallo (85-94%), e subito dopo Spagna e Grecia (75-84%). Il resto del continente \u00e8 invece molto pi\u00f9 \u00abparsimonioso\u00bb: in molte nazioni del nord e centro Europa (come la Francia), meno del 65% della popolazione si fa la doccia ogni giorno. Il Regno Unito e la Germania, ad esempio, mostrano una frequenza notevolmente inferiore, che riflette un approccio culturale e climatico differente. Nei Paesi pi\u00f9 freddi, la scarsa sudorazione rende meno percepita la necessit\u00e0 di lavarsi quotidianamente, e la cura del corpo assume un ruolo meno centrale rispetto alle culture del sud. Tuttavia, il caso italiano dimostra come, al di l\u00e0 del clima, sia soprattutto la cultura dell&#8217;igiene a dettare i comportamenti.<\/p>\n\n\n\n<p>Il bidet, simbolo culturale dell&#8217;igiene italiana<\/p>\n\n\n\n<p>A rendere ancora pi\u00f9 distintiva l&#8217;abitudine italiana alla pulizia \u00e8 la presenza del bidet, un sanitario diffuso capillarmente nelle case italiane ma praticamente assente nel resto d&#8217;Europa. Questo elemento, spesso considerato un dettaglio architettonico, ha in realt\u00e0 influenzato in profondit\u00e0 le pratiche igieniche italiane, contribuendo a radicare comportamenti pi\u00f9 attenti e frequenti. Il bidet, insieme a una forte attenzione alla cura personale tramandata di generazione in generazione, ha trasformato l&#8217;igiene in un rito culturale pi\u00f9 che in una semplice necessit\u00e0 fisiologica. Secondo l&#8217;Osservatorio Europeo dell&#8217;Igiene, gli italiani eccellono anche in altri comportamenti virtuosi: sono pi\u00f9 diligenti nel lavarsi le mani, nel cambiarsi gli abiti sudati e nell&#8217;evitare la trascuratezza corporea, anche nei periodi di freddo. Questo tratto culturale, che affonda le radici nella tradizione domestica e nella concezione del benessere, continua a distinguere l&#8217;Italia rispetto al resto d&#8217;Europa, facendo della pulizia quotidiana non solo una questione igienica, ma anche identitaria.<\/p>\n\n\n\n<p>Filippo Limoncelli<\/p>\n","protected":false},"excerpt":{"rendered":"<p>Le estati sono sempre pi\u00f9 roventi e, con esse, cresce anche la frequenza delle docce. Ma se lavarsi pi\u00f9 volte al giorno pu\u00f2 sembrare una scelta naturale \u2014 per rinfrescarsi e sentirsi puliti \u2014 non \u00e8 sempre un bene per la salute della pelle. Secondo dermatologi ed esperti, l&#8217;eccesso di lavaggi, soprattutto se effettuati con [&hellip;]<\/p>\n","protected":false},"author":1,"featured_media":1000020685,"comment_status":"closed","ping_status":"open","sticky":false,"template":"","format":"standard","meta":{"content-type":"","_jetpack_memberships_contains_paid_content":false,"jnews-multi-image_gallery":[],"jnews_single_post":{"format":"standard"},"jnews_primary_category":[],"footnotes":"","jetpack_publicize_message":"","jetpack_publicize_feature_enabled":true,"jetpack_social_post_already_shared":true,"jetpack_social_options":{"image_generator_settings":{"template":"highway","default_image_id":0,"font":"","enabled":false},"version":2}},"categories":[255],"tags":[],"class_list":{"0":"post-1000020684","1":"post","2":"type-post","3":"status-publish","4":"format-standard","5":"has-post-thumbnail","7":"category-sociales"},"jetpack_publicize_connections":[],"jetpack_featured_media_url":"https:\/\/i0.wp.com\/gazzettinoitalianopatagonico.com\/wp-content\/uploads\/2025\/07\/aqws.png?fit=696%2C466&ssl=1","jetpack_likes_enabled":true,"jetpack_sharing_enabled":true,"_links":{"self":[{"href":"https:\/\/gazzettinoitalianopatagonico.com\/index.php?rest_route=\/wp\/v2\/posts\/1000020684","targetHints":{"allow":["GET"]}}],"collection":[{"href":"https:\/\/gazzettinoitalianopatagonico.com\/index.php?rest_route=\/wp\/v2\/posts"}],"about":[{"href":"https:\/\/gazzettinoitalianopatagonico.com\/index.php?rest_route=\/wp\/v2\/types\/post"}],"author":[{"embeddable":true,"href":"https:\/\/gazzettinoitalianopatagonico.com\/index.php?rest_route=\/wp\/v2\/users\/1"}],"replies":[{"embeddable":true,"href":"https:\/\/gazzettinoitalianopatagonico.com\/index.php?rest_route=%2Fwp%2Fv2%2Fcomments&post=1000020684"}],"version-history":[{"count":1,"href":"https:\/\/gazzettinoitalianopatagonico.com\/index.php?rest_route=\/wp\/v2\/posts\/1000020684\/revisions"}],"predecessor-version":[{"id":1000020686,"href":"https:\/\/gazzettinoitalianopatagonico.com\/index.php?rest_route=\/wp\/v2\/posts\/1000020684\/revisions\/1000020686"}],"wp:featuredmedia":[{"embeddable":true,"href":"https:\/\/gazzettinoitalianopatagonico.com\/index.php?rest_route=\/wp\/v2\/media\/1000020685"}],"wp:attachment":[{"href":"https:\/\/gazzettinoitalianopatagonico.com\/index.php?rest_route=%2Fwp%2Fv2%2Fmedia&parent=1000020684"}],"wp:term":[{"taxonomy":"category","embeddable":true,"href":"https:\/\/gazzettinoitalianopatagonico.com\/index.php?rest_route=%2Fwp%2Fv2%2Fcategories&post=1000020684"},{"taxonomy":"post_tag","embeddable":true,"href":"https:\/\/gazzettinoitalianopatagonico.com\/index.php?rest_route=%2Fwp%2Fv2%2Ftags&post=1000020684"}],"curies":[{"name":"wp","href":"https:\/\/api.w.org\/{rel}","templated":true}]}}