{"id":1000020652,"date":"2025-07-25T09:35:09","date_gmt":"2025-07-25T12:35:09","guid":{"rendered":"https:\/\/gazzettinoitalianopatagonico.com\/?p=1000020652"},"modified":"2025-07-25T09:35:11","modified_gmt":"2025-07-25T12:35:11","slug":"il-time-dedica-la-copertina-a-giorgia-meloni-la-premier-tra-le-figure-piu-interessanti-in-europa","status":"publish","type":"post","link":"https:\/\/gazzettinoitalianopatagonico.com\/?p=1000020652","title":{"rendered":"Il &#8216;Time&#8217; dedica la copertina a Giorgia Meloni: la premier tra le figure pi\u00f9 interessanti in Europa"},"content":{"rendered":"\n<p>&#8216;Time&#8217; dedica una copertina alla premier italiana, con il titolo \u00abDove Giorgia Meloni sta portando l&#8217;Europa\u00bb. Sui propri canali social il magazine spiega: \u00abNuova copertina di &#8216;TIME&#8217;: a quasi tre anni dal suo mandato, Giorgia Meloni \u00e8 emersa come una delle figure pi\u00f9 interessanti d&#8217;Europa. E il modo in cui guider\u00e0 la nazione potrebbe cambiare il mondo\u00bb.<\/p>\n\n\n\n<p>In copertina la premier, 48 anni, appare con un completo blu brillante, a richiamare i toni della bandiera dell&#8217;Unione. Il Time la descrive com \u00abuna madre nubile, alta 1,60 m, appartenente alla classe operaia e senza laurea, la cui ascesa ha sfidato le aspettative dei suoi pari\u00bb.<\/p>\n\n\n\n<p>\u00ab\u00c8 la prima leader donna in Italia- continua il magazine- e afferma di aver dovuto &#8216;affrontare stereotipi ridicoli&#8217; nella sua carriera, ma respinge i tentativi del governo di risolvere questi o altre forme di discriminazione, che definisce &#8216;quote'\u00bb. E ancora, Meloni \u00abrivendica le vittorie dei conservatori nella stabilizzazione del governo italiano, notoriamente caotico, e nel miglioramento del suo rating del debito, perseguendo al contempo un&#8217;agenda politica in linea con il gruppo globale di leader autoritari emergenti: consolidamento del potere esecutivo, repressione dei media, controllo sulla magistratura, lotta agli immigrati clandestini e limitazione di alcune forme di protesta\u00bb.<\/p>\n\n\n\n<p>\u00abDa tutte queste contraddizioni, Meloni sta costruendo un nuovo tipo di nazionalismo: populista, nativista e filo-occidentale, ma impegnato nelle alleanze europee e atlantiche\u00bb, si legge ancora. A tal proposito, il Time racconta l&#8217;altro lato della medaglia: \u00abI suoi critici vedono una prospettiva pi\u00f9 cupa. Dopo essersi costruita una reputazione moderata all&#8217;inizio, affermano, ora che Trump \u00e8 al potere sta tornando a destra, compiendo piccoli ma consueti passi per erodere la democrazia e spianare la strada a una crescente alleanza internazionale di estremisti di destra che minaccia il liberalismo europeo del dopoguerra\u00bb.<\/p>\n\n\n\n<p>\u00abMeloni afferma che i suoi detrattori hanno invocato il suo background di estrema destra come arma contro qualsiasi politica adotti\u00bb, e la premier sottolinea al Time: \u00abMi hanno accusato di ogni cosa possibile, dalla guerra in Ucraina alle persone che muoiono nel Mediterraneo. Semplicemente perch\u00e9 non hanno argomenti\u00bb. \u00abMa gli attacchi la infastidiscono\u00bb: \u00abNon sono omofoba. Non sono tutto quello che hanno detto\u00bb.<\/p>\n\n\n\n<p>L&#8217;intervista completa \u00e8 a questo&nbsp;<a href=\"https:\/\/time.com\/7304882\/giorgia-meloni-interview\/\" rel=\"noreferrer noopener\" target=\"_blank\">link<\/a>.<\/p>\n\n\n\n<p>Emanuele Nuccitelli<\/p>\n","protected":false},"excerpt":{"rendered":"<p>&#8216;Time&#8217; dedica una copertina alla premier italiana, con il titolo \u00abDove Giorgia Meloni sta portando l&#8217;Europa\u00bb. Sui propri canali social il magazine spiega: \u00abNuova copertina di &#8216;TIME&#8217;: a quasi tre anni dal suo mandato, Giorgia Meloni \u00e8 emersa come una delle figure pi\u00f9 interessanti d&#8217;Europa. E il modo in cui guider\u00e0 la nazione potrebbe cambiare [&hellip;]<\/p>\n","protected":false},"author":1,"featured_media":1000020653,"comment_status":"closed","ping_status":"open","sticky":false,"template":"","format":"standard","meta":{"content-type":"","_jetpack_memberships_contains_paid_content":false,"jnews-multi-image_gallery":[],"jnews_single_post":{"format":"standard"},"jnews_primary_category":[],"footnotes":"","jetpack_publicize_message":"","jetpack_publicize_feature_enabled":true,"jetpack_social_post_already_shared":true,"jetpack_social_options":{"image_generator_settings":{"template":"highway","default_image_id":0,"font":"","enabled":false},"version":2}},"categories":[46,32],"tags":[],"class_list":{"0":"post-1000020652","1":"post","2":"type-post","3":"status-publish","4":"format-standard","5":"has-post-thumbnail","7":"category-italia","8":"category-politica"},"jetpack_publicize_connections":[],"jetpack_featured_media_url":"https:\/\/i0.wp.com\/gazzettinoitalianopatagonico.com\/wp-content\/uploads\/2025\/07\/GIORGIA-MELONI.png?fit=730%2C568&ssl=1","jetpack_likes_enabled":true,"jetpack_sharing_enabled":true,"_links":{"self":[{"href":"https:\/\/gazzettinoitalianopatagonico.com\/index.php?rest_route=\/wp\/v2\/posts\/1000020652","targetHints":{"allow":["GET"]}}],"collection":[{"href":"https:\/\/gazzettinoitalianopatagonico.com\/index.php?rest_route=\/wp\/v2\/posts"}],"about":[{"href":"https:\/\/gazzettinoitalianopatagonico.com\/index.php?rest_route=\/wp\/v2\/types\/post"}],"author":[{"embeddable":true,"href":"https:\/\/gazzettinoitalianopatagonico.com\/index.php?rest_route=\/wp\/v2\/users\/1"}],"replies":[{"embeddable":true,"href":"https:\/\/gazzettinoitalianopatagonico.com\/index.php?rest_route=%2Fwp%2Fv2%2Fcomments&post=1000020652"}],"version-history":[{"count":1,"href":"https:\/\/gazzettinoitalianopatagonico.com\/index.php?rest_route=\/wp\/v2\/posts\/1000020652\/revisions"}],"predecessor-version":[{"id":1000020654,"href":"https:\/\/gazzettinoitalianopatagonico.com\/index.php?rest_route=\/wp\/v2\/posts\/1000020652\/revisions\/1000020654"}],"wp:featuredmedia":[{"embeddable":true,"href":"https:\/\/gazzettinoitalianopatagonico.com\/index.php?rest_route=\/wp\/v2\/media\/1000020653"}],"wp:attachment":[{"href":"https:\/\/gazzettinoitalianopatagonico.com\/index.php?rest_route=%2Fwp%2Fv2%2Fmedia&parent=1000020652"}],"wp:term":[{"taxonomy":"category","embeddable":true,"href":"https:\/\/gazzettinoitalianopatagonico.com\/index.php?rest_route=%2Fwp%2Fv2%2Fcategories&post=1000020652"},{"taxonomy":"post_tag","embeddable":true,"href":"https:\/\/gazzettinoitalianopatagonico.com\/index.php?rest_route=%2Fwp%2Fv2%2Ftags&post=1000020652"}],"curies":[{"name":"wp","href":"https:\/\/api.w.org\/{rel}","templated":true}]}}