{"id":1000020631,"date":"2025-07-25T09:29:18","date_gmt":"2025-07-25T12:29:18","guid":{"rendered":"https:\/\/gazzettinoitalianopatagonico.com\/?p=1000020631"},"modified":"2025-07-25T09:29:20","modified_gmt":"2025-07-25T12:29:20","slug":"e-modena-la-capitale-del-volontariato-2026","status":"publish","type":"post","link":"https:\/\/gazzettinoitalianopatagonico.com\/?p=1000020631","title":{"rendered":"\u00c8 Modena la capitale del volontariato 2026"},"content":{"rendered":"\n<p>Modena \u00e8 stata eletta capitale italiana del volontariato 2026, vincendo il bando annuale promosso da Csvnet, l&#8217;associazione nazionale dei 49 Centri di servizio per il volontariato (Csv) in partenariato con Forum Terzo settore, Caritas italiana, in collaborazione con l&#8217;Associazione dei Comuni italiani (Anci). Il 2026, proclamato dall&#8217;Assemblea Generale delle Nazioni Unite come \u00abanno internazionale dei volontari per lo sviluppo sostenibile\u00bb, sar\u00e0 particolarmente significativo per dare visibilit\u00e0 al lavoro del terzo settore modenese sui temi della sostenibilit\u00e0 in tutte le sue accezioni. A Modena e provincia, sottolinea Csvnet in una sua comunicazione, operano pi\u00f9 di 1700 associazioni che promuovono e diffondono la cultura della solidariet\u00e0 e che negli anni, sempre di pi\u00f9, portano avanti progettualit\u00e0 che generano innovazione sociale, a livello non solo locale. \u00abCon la proclamazione di Modena, la capitale italiana del volontariato entra in una nuova tappa del suo cammino, rafforzando il suo ruolo di strumento collettivo per raccontare e valorizzare l&#8217;impatto del volontariato nelle comunit\u00e0\u00bb ha sottolineato Chiara Tommasini, presidente di Csvnet. \u00abDal 2022, anno in cui Bergamo inaugur\u00f2 questa esperienza, ogni edizione ha reso visibile, in modo unico, la ricchezza e la vitalit\u00e0 del volontariato nei territori, mostrando come il volontariato locale sappia mettersi in gioco e parlare alla cittadinanza\u00bb. Tommasini ha aggiunto: \u00abModena raccoglie il testimone da Palermo, attuale capitale in carica, con una proposta forte e inclusiva che guarda al 2026 un anno importante per il volontariato mondiale. Un&#8217;occasione preziosa anche per tutto il sistema dei Centri di servizio, che con questa iniziativa promuove una narrazione plurale, radicata e innovativa del volontariato italiano\u00bb. \u00abSi tratta di un&#8217;opportunit\u00e0 importante per dare rilievo a tutte le attivit\u00e0 sociali e solidali della nostra citt\u00e0 e per affrontare i temi principali che oggi investono il mondo del volontariato, come l&#8217;amministrazione condivisa nel rapporto con gli enti pubblici, il volontariato giovanile, il rapporto con il mondo imprenditoriale sempre pi\u00f9 attento ai temi della solidariet\u00e0 e del welfare\u00bb afferma Alberto Caldana, presidente del Centro di servizio per il volontariato Terre Estensi di Modena. \u00abSar\u00e0 l&#8217;occasione per sostenere anche il volontariato del nostro Appennino modenese che gioca in tanti settori un ruolo fondamentale per le comunit\u00e0 pi\u00f9 decentrate. Il 2026 sar\u00e0 per tutti noi un anno intenso di iniziative, dibattiti e momenti culturali che proporremo a tutta la citt\u00e0, volontari e non, nella speranza che crescano la cittadinanza attiva e la solidariet\u00e0 sociale\u00bb. Caldana ha continuato: \u00abRingraziamo sentitamente il sindaco di Modena, Massimo Mezzetti, e l&#8217;arcivescovo Erio Castellucci che hanno sostenuto la nostra candidatura e tutta l&#8217;ampia rete di partenariato\u00bb. Il volontariato modenese, dai giovani agli anziani, dalla salute all&#8217;ambiente, dalla cultura alla cooperazione internazionale, \u00e8 attivo in tutti gli ambiti e per ogni fascia d&#8217;et\u00e0, contribuendo ogni giorno a garantire il welfare territoriale. Nella provincia di Modena sono 1.541 gli enti di terzo settore iscritti al Runts \u2013 Registro unico nazionale del terzo settore (circa il 14% del totale degli enti di terzo settore della Regione Emilia-Romagna), di cui 542 nel comune capoluogo, una proporzione che equivale a un ente di terzo settore ogni 461 abitanti, escludendo tutte le altre centinaia di realt\u00e0 con finalit\u00e0 sociali non iscritte al Runts che si vanno a sommare a questo dato. Si stima che sul territorio provinciale sono circa 65mila le persone impegnate in attivit\u00e0 di volontariato continuativa; inoltre, molto attivo \u00e8 il Forum terzo settore della provincia di Modena che include 69 realt\u00e0, con il quale il Csv ha da sempre una proficua collaborazione. \u00abRiteniamo sia un grande riconoscimento per tutte quella realt\u00e0 che in questi anni hanno svolto un importante servizio per la comunit\u00e0, negli ambiti pi\u00f9 diversi\u00bb dice Ruggero Cavani, portavoce Forum terzo settore della provincia di Modena. \u00abSar\u00e0 l&#8217;occasione perfetta per fare conoscere ancora di pi\u00f9 queste realt\u00e0 alla cittadinanza e aprire nuovi percorsi attenti ai bisogni e alle necessit\u00e0 della societ\u00e0 di oggi\u00bb. Il motto ufficiale della citt\u00e0 di Modena \u00e8 \u00abAvia Pervia\u00bb, che significa \u00abrendere accessibile l&#8217;inaccessibile\u00bb. Si ritiene che il volontariato, cos\u00ec radicato in questa citt\u00e0, abbia proprio questa funzione e questo potere: connettere mondi e modi di vivere all&#8217;apparenza anche molto lontani tra loro, all&#8217;apparenza inaccessibili alla nostra quotidianit\u00e0, rendendoli invece vicini, accessibili, condivisibili. Come? Attraverso la relazione con l&#8217;altro e l&#8217;impegno in prima persona. Il volontariato \u00e8 infatti generatore di connessioni, valori, cultura e pratiche capaci di interagire, integrare, includere e creare legami e ponti tra persone, corpi sociali, sistemi, territori. Saranno proposte iniziative \u2013 dibattiti, momenti culturali, laboratori, esperienze concrete di cittadinanza attiva e tanto altro \u2013 dove l&#8217;elemento unificante sar\u00e0 il volontariato in tutte le sue declinazioni, la cui presenza e protagonismo si evidenzieranno nelle varie attivit\u00e0. Palermo, attualmente in carica, passer\u00e0 idealmente il testimone a Modena il prossimo 5 dicembre 2025, nella Giornata internazionale del volontariato.<\/p>\n\n\n\n<p>Paola Castagna<\/p>\n","protected":false},"excerpt":{"rendered":"<p>Modena \u00e8 stata eletta capitale italiana del volontariato 2026, vincendo il bando annuale promosso da Csvnet, l&#8217;associazione nazionale dei 49 Centri di servizio per il volontariato (Csv) in partenariato con Forum Terzo settore, Caritas italiana, in collaborazione con l&#8217;Associazione dei Comuni italiani (Anci). Il 2026, proclamato dall&#8217;Assemblea Generale delle Nazioni Unite come \u00abanno internazionale dei [&hellip;]<\/p>\n","protected":false},"author":1,"featured_media":1000020632,"comment_status":"closed","ping_status":"open","sticky":false,"template":"","format":"standard","meta":{"content-type":"","_jetpack_memberships_contains_paid_content":false,"jnews-multi-image_gallery":[],"jnews_single_post":{"format":"standard"},"jnews_primary_category":[],"footnotes":"","jetpack_publicize_message":"","jetpack_publicize_feature_enabled":true,"jetpack_social_post_already_shared":true,"jetpack_social_options":{"image_generator_settings":{"template":"highway","default_image_id":0,"font":"","enabled":false},"version":2}},"categories":[391,42],"tags":[],"class_list":{"0":"post-1000020631","1":"post","2":"type-post","3":"status-publish","4":"format-standard","5":"has-post-thumbnail","7":"category-ambiente","8":"category-ecologia"},"jetpack_publicize_connections":[],"jetpack_featured_media_url":"https:\/\/i0.wp.com\/gazzettinoitalianopatagonico.com\/wp-content\/uploads\/2025\/07\/Modena.jpg?fit=718%2C436&ssl=1","jetpack_likes_enabled":true,"jetpack_sharing_enabled":true,"_links":{"self":[{"href":"https:\/\/gazzettinoitalianopatagonico.com\/index.php?rest_route=\/wp\/v2\/posts\/1000020631","targetHints":{"allow":["GET"]}}],"collection":[{"href":"https:\/\/gazzettinoitalianopatagonico.com\/index.php?rest_route=\/wp\/v2\/posts"}],"about":[{"href":"https:\/\/gazzettinoitalianopatagonico.com\/index.php?rest_route=\/wp\/v2\/types\/post"}],"author":[{"embeddable":true,"href":"https:\/\/gazzettinoitalianopatagonico.com\/index.php?rest_route=\/wp\/v2\/users\/1"}],"replies":[{"embeddable":true,"href":"https:\/\/gazzettinoitalianopatagonico.com\/index.php?rest_route=%2Fwp%2Fv2%2Fcomments&post=1000020631"}],"version-history":[{"count":1,"href":"https:\/\/gazzettinoitalianopatagonico.com\/index.php?rest_route=\/wp\/v2\/posts\/1000020631\/revisions"}],"predecessor-version":[{"id":1000020633,"href":"https:\/\/gazzettinoitalianopatagonico.com\/index.php?rest_route=\/wp\/v2\/posts\/1000020631\/revisions\/1000020633"}],"wp:featuredmedia":[{"embeddable":true,"href":"https:\/\/gazzettinoitalianopatagonico.com\/index.php?rest_route=\/wp\/v2\/media\/1000020632"}],"wp:attachment":[{"href":"https:\/\/gazzettinoitalianopatagonico.com\/index.php?rest_route=%2Fwp%2Fv2%2Fmedia&parent=1000020631"}],"wp:term":[{"taxonomy":"category","embeddable":true,"href":"https:\/\/gazzettinoitalianopatagonico.com\/index.php?rest_route=%2Fwp%2Fv2%2Fcategories&post=1000020631"},{"taxonomy":"post_tag","embeddable":true,"href":"https:\/\/gazzettinoitalianopatagonico.com\/index.php?rest_route=%2Fwp%2Fv2%2Ftags&post=1000020631"}],"curies":[{"name":"wp","href":"https:\/\/api.w.org\/{rel}","templated":true}]}}