{"id":1000019964,"date":"2025-07-06T20:22:52","date_gmt":"2025-07-06T23:22:52","guid":{"rendered":"https:\/\/gazzettinoitalianopatagonico.com\/?p=1000019964"},"modified":"2025-07-06T20:22:54","modified_gmt":"2025-07-06T23:22:54","slug":"aumentos-quita-de-subsidios-y-proximas-obras-las-novedades-de-julio-en-energia","status":"publish","type":"post","link":"https:\/\/gazzettinoitalianopatagonico.com\/?p=1000019964","title":{"rendered":"Aumentos, quita de subsidios y pr\u00f3ximas obras: las novedades de julio en energ\u00eda"},"content":{"rendered":"\n<p>Julio ser\u00e1 un mes cargado en materia energ\u00e9tica. Adem\u00e1s de los ya cl\u00e1sicos aumentos en tarifas y combustibles, la Secretar\u00eda de Energ\u00eda de la Naci\u00f3n prepara una serie de resoluciones que determinar\u00e1n el curso de varias licitaciones y obras. Al ya anunciado ajuste del 3,5% de YPF al que no se sumaron el resto de las compa\u00f1\u00edas por haber aumentado un 5% en medio del conflicto entre Israel e Ir\u00e1n, este martes se publicaron los cuadros tarifarios de luz y gas, con subas del 2% y 1,6% en promedio, respectivamente. A pesar del incremento de costos de la energ\u00eda producto del invierno, la pol\u00edtica tarifaria seguir\u00e1 con este ritmo de subas apenas por encima de la inflaci\u00f3n hasta las elecciones de octubre y buscar\u00e1 hacer una tarea de quitas de subsidio hormiga con nuevos barrios de alto poder adquisitivo del interior del pa\u00eds y clubes de barrio que no son merecedores de los beneficios. Ah\u00ed marcan una serie de ejemplos de unos 10 clubes que ya fueron dados de baja en la zona del AMBA donde se destacan los casos del elitista Yacht Club Olivos, un importante club profesional de f\u00fatbol como el Defensores de Belgrano que milita en la segunda categor\u00eda y el ic\u00f3nico Obras Sanitarias, donde se da la particularidad de pedir un r\u00e9gimen preferencial de subsidios a pesar de ser una de las plazas que organiza m\u00e1s recitales de artistas internacionales durante todo el a\u00f1o. Otra novedad en materia tarifaria se dar\u00e1 la pr\u00f3xima semana cuando est\u00e1 prevista la unificaci\u00f3n de los entes reguladores de electricidad y gas: el ENRE y el Enargas. Ah\u00ed se realizar\u00e1 una convocatoria para formar un nuevo directorio con un nuevo presidente. Casi en paralelo se decretar\u00e1 la pr\u00f3rroga de las concesiones hidroel\u00e9ctricas del Comahue como un paso previo para poder lanzar la licitaci\u00f3n para volver a privatizar las represas por otros 30 a\u00f1os. El puntapi\u00e9 inicial para las obras de alta tensi\u00f3n es otro de los puntos fuertes previstos para mediados de mes. Primero se necesitar\u00e1 un decreto que habilite la concesi\u00f3n de obra privada y luego una resoluci\u00f3n de la Secretar\u00eda de Energ\u00eda que le pida a Cammesa que establezca qui\u00e9nes son los beneficiarios de las obras a ejecutar. Reci\u00e9n ah\u00ed se lanzar\u00eda la licitaci\u00f3n que incluye a 3 de las 16 obras en carpeta, con AMBA I y II a la cabeza. Finalmente, se espera poder avanzar con la licitaci\u00f3n de bater\u00edas de almacenamiento, donde las empresas est\u00e1n pidiendo una exenci\u00f3n impositiva para algunos de los m\u00faltiples componentes de estos equipos que tienen varios insumos importados que encarecen el monto final.<\/p>\n\n\n\n<p>Matias Herrera<\/p>\n","protected":false},"excerpt":{"rendered":"<p>Julio ser\u00e1 un mes cargado en materia energ\u00e9tica. Adem\u00e1s de los ya cl\u00e1sicos aumentos en tarifas y combustibles, la Secretar\u00eda de Energ\u00eda de la Naci\u00f3n prepara una serie de resoluciones que determinar\u00e1n el curso de varias licitaciones y obras. Al ya anunciado ajuste del 3,5% de YPF al que no se sumaron el resto de [&hellip;]<\/p>\n","protected":false},"author":1,"featured_media":1000019965,"comment_status":"closed","ping_status":"open","sticky":false,"template":"","format":"standard","meta":{"content-type":"","_jetpack_memberships_contains_paid_content":false,"jnews-multi-image_gallery":[],"jnews_single_post":{"format":"standard"},"jnews_primary_category":[],"footnotes":"","jetpack_publicize_message":"","jetpack_publicize_feature_enabled":true,"jetpack_social_post_already_shared":true,"jetpack_social_options":{"image_generator_settings":{"template":"highway","default_image_id":0,"font":"","enabled":false},"version":2}},"categories":[270],"tags":[268],"class_list":{"0":"post-1000019964","1":"post","2":"type-post","3":"status-publish","4":"format-standard","5":"has-post-thumbnail","7":"category-america-latina","8":"tag-america-latina"},"jetpack_publicize_connections":[],"jetpack_featured_media_url":"https:\/\/i0.wp.com\/gazzettinoitalianopatagonico.com\/wp-content\/uploads\/2025\/07\/uoppp.png?fit=730%2C411&ssl=1","jetpack_likes_enabled":true,"jetpack_sharing_enabled":true,"_links":{"self":[{"href":"https:\/\/gazzettinoitalianopatagonico.com\/index.php?rest_route=\/wp\/v2\/posts\/1000019964","targetHints":{"allow":["GET"]}}],"collection":[{"href":"https:\/\/gazzettinoitalianopatagonico.com\/index.php?rest_route=\/wp\/v2\/posts"}],"about":[{"href":"https:\/\/gazzettinoitalianopatagonico.com\/index.php?rest_route=\/wp\/v2\/types\/post"}],"author":[{"embeddable":true,"href":"https:\/\/gazzettinoitalianopatagonico.com\/index.php?rest_route=\/wp\/v2\/users\/1"}],"replies":[{"embeddable":true,"href":"https:\/\/gazzettinoitalianopatagonico.com\/index.php?rest_route=%2Fwp%2Fv2%2Fcomments&post=1000019964"}],"version-history":[{"count":1,"href":"https:\/\/gazzettinoitalianopatagonico.com\/index.php?rest_route=\/wp\/v2\/posts\/1000019964\/revisions"}],"predecessor-version":[{"id":1000019966,"href":"https:\/\/gazzettinoitalianopatagonico.com\/index.php?rest_route=\/wp\/v2\/posts\/1000019964\/revisions\/1000019966"}],"wp:featuredmedia":[{"embeddable":true,"href":"https:\/\/gazzettinoitalianopatagonico.com\/index.php?rest_route=\/wp\/v2\/media\/1000019965"}],"wp:attachment":[{"href":"https:\/\/gazzettinoitalianopatagonico.com\/index.php?rest_route=%2Fwp%2Fv2%2Fmedia&parent=1000019964"}],"wp:term":[{"taxonomy":"category","embeddable":true,"href":"https:\/\/gazzettinoitalianopatagonico.com\/index.php?rest_route=%2Fwp%2Fv2%2Fcategories&post=1000019964"},{"taxonomy":"post_tag","embeddable":true,"href":"https:\/\/gazzettinoitalianopatagonico.com\/index.php?rest_route=%2Fwp%2Fv2%2Ftags&post=1000019964"}],"curies":[{"name":"wp","href":"https:\/\/api.w.org\/{rel}","templated":true}]}}