{"id":1000019946,"date":"2025-07-06T20:13:54","date_gmt":"2025-07-06T23:13:54","guid":{"rendered":"https:\/\/gazzettinoitalianopatagonico.com\/?p=1000019946"},"modified":"2025-07-06T20:13:56","modified_gmt":"2025-07-06T23:13:56","slug":"il-nucleare-in-italia-storie-di-prese-in-giro","status":"publish","type":"post","link":"https:\/\/gazzettinoitalianopatagonico.com\/?p=1000019946","title":{"rendered":"Il nucleare in Italia, storie di prese in giro"},"content":{"rendered":"\n<p>Come noto l&#8217;Italia aveva rinunciato all&#8217;energia nucleare a seguito di referendum nel 1987 e 2011. Una volont\u00e0 popolare che, a torto o a ragione, era stata ribadita in modo netto per ben due volte, ma che a quanto pare non era stata sufficiente ad archiviare in modo definitivo questa scelta a favore di altre soluzioni e in particolare delle energie rinnovabili. Da anni infatti la politica continua a \u00abflirtare\u00bb con il nucleare e le potenti lobbies che lo spingono, sino a quest&#8217;anno, quando il governo di centro-destra del nostro Paese ha deciso di dare una decisa accelerata. A febbraio, infatti, il governo italiano ha approvato un disegno di legge \u00abDelega al Governo in materia di energia nucleare\u00bb per il ritorno all&#8217;energia dell&#8217;atomo, segnando una svolta nella politica energetica del paese. Questa decisione, supportata dal ministro dell&#8217;Ambiente e della Sicurezza Energetica, Gilberto Pichetto Fratin, mira a includere il nucleare come parte di un mix energetico sostenibile e decarbonizzato, senza abbandonare le fonti rinnovabili. Da notare che in realt\u00e0 il ricorso al nucleare era comunque ritenuto come una possibilit\u00e0 gi\u00e0 espressa dal Piano Nazionale Integrato Energia e Clima (PNIEC) del gennaio 2023 (e successivamente aggiornato), in cui si prevedeva di coprire parzialmente (per una quota compresa tra l&#8217;11% e il 22%) con tale fonte la richiesta di energia. L&#8217;Italia ha poi di recente aderito (16 giugno 2025) ufficialmente all&#8217;Alleanza UE sul nucleare, rafforzando la cooperazione con altri paesi membri per lo sviluppo della tecnologia nucleare. Con queste ultime scelte politiche il nostro Paese ora intende valutare il ruolo del nucleare in modo \u00abpragmatico e graduale\u00bb, promuovendo la neutralit\u00e0 tecnologica e la sicurezza del sistema energetico. La strategia italiana considera lo sviluppo di reattori avanzati (il famoso \u00abnucleare di quarta generazione\u00bb), inclusi Small Modular Reactors (SMR) e Advanced Modular Reactors (AMR), per applicazioni diverse. E peccato se ancora non ci sono centrali nucleari di quarta generazione completamente operative e commercializzate. Tuttavia, sono in fase di sviluppo e test alcuni reattori che rappresentano queste tecnologie \u00abultra innovative e sicure\u00bb con l&#8217;obiettivo di commercializzazione a partire dal 2030. La questione della gestione dei rifiuti radioattivi e dello smantellamento degli impianti esistenti \u00e8 un aspetto centrale del dibattito e del disegno di legge e in realt\u00e0 non \u00e8 stato risolto. Comunque non preoccupatevi, l&#8217;energia nucleare \u00e8 stata inclusa tra le attivit\u00e0 sostenibili previste dal Regolamento Tassonomia dell&#8217;UE (Reg. (UE) 2020\/852 del Parlamento europeo e del Consiglio, del 18 giugno 2020, dal Reg. delegato (UE) 2022\/1214 della Commissione europea, del 9 marzo 2022). In tutti i casi se i comuni si opporranno ad avere depositi di stoccaggio di scorie radioattive sul loro territorio il ministro ha gi\u00e0 detto che il Governo agir\u00e0 di imperio. Naturalmente, se non vi saranno intoppi, ci vorranno almeno 10 anni per arrivare alla produzione di energia da queste nuove centrali che, come detto, ben che vada copriranno forse il 20% del fabbisogno nazionale, ma senza le quali, ascoltando una certa comunicazione politicizzata, sembra che noi rimarremmo al buio e al freddo in poco tempo. La scarsa credibilit\u00e0 e competenza di come la politica sta affrontando il tema dell&#8217;energia e in particolare quello dell&#8217;energia nucleare, non pu\u00f2 infine prescindere dalla gestione delle centrali presenti in Italia che, con i referendum abrogativi, avevano smesso di funzionare (in alcuni casi senza mai neppure partire). Per esempio andando a vedere come ha lavorato la SOGIN spa, societ\u00e0 pubblica che dal 1999, con finanziamenti che gravano sulle nostre tasche attraverso una quota nella bolletta elettrica, avrebbe dovuto smantellare le vecchie centrali e mettere in sicurezza i rifiuti radioattivi. Fine lavori prevista nel 2019 poi slittati al 2036, considerato il poco che \u00e8 stato fatto nel frattempo. Il che non ha impedito per\u00f2 che i vari manager e CdA che si sono succeduti e l&#8217;inadeguata attivit\u00e0 aziendale ci siano costati oltre 4 miliardi (miliardi!) di euro, in quello che sembra a tutti gli effetti un clamoroso esempio di italico \u00abpoltronificio\u00bb, come evidenziano le inchieste di Milena Gabanelli sul tema. Capite che con questo quadro di furberie, prevaricazioni, superficialit\u00e0 e incompetenza \u00e8 difficile considerare credibile un tema che invece, per sua la natura complessa e delicata, andrebbe affrontato con ben altra competenza e trasparenza.<\/p>\n\n\n\n<p>Armando Gariboldi<\/p>\n","protected":false},"excerpt":{"rendered":"<p>Come noto l&#8217;Italia aveva rinunciato all&#8217;energia nucleare a seguito di referendum nel 1987 e 2011. Una volont\u00e0 popolare che, a torto o a ragione, era stata ribadita in modo netto per ben due volte, ma che a quanto pare non era stata sufficiente ad archiviare in modo definitivo questa scelta a favore di altre soluzioni [&hellip;]<\/p>\n","protected":false},"author":1,"featured_media":1000019947,"comment_status":"closed","ping_status":"open","sticky":false,"template":"","format":"standard","meta":{"content-type":"","_jetpack_memberships_contains_paid_content":false,"jnews-multi-image_gallery":[],"jnews_single_post":{"format":"standard"},"jnews_primary_category":[],"footnotes":"","jetpack_publicize_message":"","jetpack_publicize_feature_enabled":true,"jetpack_social_post_already_shared":true,"jetpack_social_options":{"image_generator_settings":{"template":"highway","default_image_id":0,"font":"","enabled":false},"version":2}},"categories":[42],"tags":[],"class_list":{"0":"post-1000019946","1":"post","2":"type-post","3":"status-publish","4":"format-standard","5":"has-post-thumbnail","7":"category-ecologia"},"jetpack_publicize_connections":[],"jetpack_featured_media_url":"https:\/\/i0.wp.com\/gazzettinoitalianopatagonico.com\/wp-content\/uploads\/2025\/07\/bgty.png?fit=815%2C469&ssl=1","jetpack_likes_enabled":true,"jetpack_sharing_enabled":true,"_links":{"self":[{"href":"https:\/\/gazzettinoitalianopatagonico.com\/index.php?rest_route=\/wp\/v2\/posts\/1000019946","targetHints":{"allow":["GET"]}}],"collection":[{"href":"https:\/\/gazzettinoitalianopatagonico.com\/index.php?rest_route=\/wp\/v2\/posts"}],"about":[{"href":"https:\/\/gazzettinoitalianopatagonico.com\/index.php?rest_route=\/wp\/v2\/types\/post"}],"author":[{"embeddable":true,"href":"https:\/\/gazzettinoitalianopatagonico.com\/index.php?rest_route=\/wp\/v2\/users\/1"}],"replies":[{"embeddable":true,"href":"https:\/\/gazzettinoitalianopatagonico.com\/index.php?rest_route=%2Fwp%2Fv2%2Fcomments&post=1000019946"}],"version-history":[{"count":1,"href":"https:\/\/gazzettinoitalianopatagonico.com\/index.php?rest_route=\/wp\/v2\/posts\/1000019946\/revisions"}],"predecessor-version":[{"id":1000019948,"href":"https:\/\/gazzettinoitalianopatagonico.com\/index.php?rest_route=\/wp\/v2\/posts\/1000019946\/revisions\/1000019948"}],"wp:featuredmedia":[{"embeddable":true,"href":"https:\/\/gazzettinoitalianopatagonico.com\/index.php?rest_route=\/wp\/v2\/media\/1000019947"}],"wp:attachment":[{"href":"https:\/\/gazzettinoitalianopatagonico.com\/index.php?rest_route=%2Fwp%2Fv2%2Fmedia&parent=1000019946"}],"wp:term":[{"taxonomy":"category","embeddable":true,"href":"https:\/\/gazzettinoitalianopatagonico.com\/index.php?rest_route=%2Fwp%2Fv2%2Fcategories&post=1000019946"},{"taxonomy":"post_tag","embeddable":true,"href":"https:\/\/gazzettinoitalianopatagonico.com\/index.php?rest_route=%2Fwp%2Fv2%2Ftags&post=1000019946"}],"curies":[{"name":"wp","href":"https:\/\/api.w.org\/{rel}","templated":true}]}}