{"id":1000019940,"date":"2025-07-06T20:11:07","date_gmt":"2025-07-06T23:11:07","guid":{"rendered":"https:\/\/gazzettinoitalianopatagonico.com\/?p=1000019940"},"modified":"2025-07-06T20:11:09","modified_gmt":"2025-07-06T23:11:09","slug":"onu-sudan-del-sur-registra-la-cifra-mas-alta-de-civiles-asesinados-en-cinco-anos","status":"publish","type":"post","link":"https:\/\/gazzettinoitalianopatagonico.com\/?p=1000019940","title":{"rendered":"ONU: Sud\u00e1n del Sur registra la cifra m\u00e1s alta de civiles asesinados en cinco a\u00f1os"},"content":{"rendered":"\n<p>La ONU lanza un grito de alarma: en los primeros tres meses de 2025, Sud\u00e1n del Sur ha alcanzado el mayor n\u00famero de civiles asesinados desde 2020. La Misi\u00f3n de Naciones Unidas en el pa\u00eds (UNMISS) reporta al menos 739 muertos, 679 heridos y 149 personas secuestradas entre enero y marzo. La cifra de menores v\u00edctimas subi\u00f3 de 114 a 171, mientras que el 98% de los casos de violencia sexual reportados afectan a mujeres y ni\u00f1as. La espiral de violencia pone en jaque los esfuerzos de paz desarrollados en los \u00faltimos a\u00f1os. La violencia se ha intensificado a ra\u00edz del creciente enfrentamiento entre el presidente Salva Kiir y el vicepresidente Riek Machar. El arresto de Machar en marzo, en la capital Yuba, agrav\u00f3 a\u00fan m\u00e1s las tensiones. Organizaciones no gubernamentales internacionales denuncian ataques contra instalaciones m\u00e9dicas y civiles. Las regiones m\u00e1s afectadas son Alto Nilo, Warrap \u2014con 428 muertos y 298 heridos\u2014 y Jonglei, ya marcadas por anteriores conflictos \u00e9tnicos. El pa\u00eds parece hundirse en un ciclo sin fin de violencia, con miles de civiles obligados a huir, privados de lo esencial y olvidados por el mundo. Seg\u00fan el Alto Comisionado de la ONU para los Refugiados (ACNUR), m\u00e1s de 2 millones de personas est\u00e1n desplazadas internamente, y otros 2,3 millones han buscado refugio en pa\u00edses vecinos. En un mensaje, el Obispo comboniano de Bentiu habla del clima que se vive en el pa\u00eds africano de cara a las elecciones de 2026. Insta a trabajar para resolver los conflictos a &#8230; La crisis en Sud\u00e1n del Sur se inserta en una regi\u00f3n profundamente inestable. Al norte, en Sud\u00e1n, el conflicto armado que estall\u00f3 en abril de 2023 ha dejado al menos 25.500 muertos confirmados, seg\u00fan el proyecto ACLED (Armed Conflict Location &amp; Event Data Project). No obstante, fuentes diplom\u00e1ticas internacionales estiman que la cifra real podr\u00eda superar los 150.000 muertos, acerc\u00e1ndose a los niveles de la tragedia de Darfur en los a\u00f1os 2000. Adem\u00e1s, Sud\u00e1n enfrenta una grave crisis alimentaria. Seg\u00fan el Programa Mundial de Alimentos, 24,6 millones de personas ya no logran consumir un plato completo al d\u00eda. El precio de los cereales se ha duplicado en algunos casos, y la situaci\u00f3n se agrava por el colapso total del sistema sanitario: el 75% de los centros de salud no est\u00e1n operativos, y 15 millones de personas carecen de acceso a atenci\u00f3n m\u00e9dica, seg\u00fan la OMS. En Sud\u00e1n del Sur la situaci\u00f3n no es mejor. Seg\u00fan Caritas y otras entidades eclesiales presentes en el pa\u00eds, los centros m\u00e9dicos est\u00e1n al l\u00edmite, las escuelas cierran y las comunidades se fragmentan. La tragedia humanitaria avanza, mientras la violencia no da tregua.<\/p>\n\n\n\n<p>Sara Costantini<\/p>\n","protected":false},"excerpt":{"rendered":"<p>La ONU lanza un grito de alarma: en los primeros tres meses de 2025, Sud\u00e1n del Sur ha alcanzado el mayor n\u00famero de civiles asesinados desde 2020. La Misi\u00f3n de Naciones Unidas en el pa\u00eds (UNMISS) reporta al menos 739 muertos, 679 heridos y 149 personas secuestradas entre enero y marzo. La cifra de menores [&hellip;]<\/p>\n","protected":false},"author":1,"featured_media":1000019941,"comment_status":"closed","ping_status":"open","sticky":false,"template":"","format":"standard","meta":{"content-type":"","_jetpack_memberships_contains_paid_content":false,"jnews-multi-image_gallery":[],"jnews_single_post":{"format":"standard"},"jnews_primary_category":[],"footnotes":"","jetpack_publicize_message":"","jetpack_publicize_feature_enabled":true,"jetpack_social_post_already_shared":true,"jetpack_social_options":{"image_generator_settings":{"template":"highway","default_image_id":0,"font":"","enabled":false},"version":2}},"categories":[41],"tags":[],"class_list":{"0":"post-1000019940","1":"post","2":"type-post","3":"status-publish","4":"format-standard","5":"has-post-thumbnail","7":"category-mundo"},"jetpack_publicize_connections":[],"jetpack_featured_media_url":"https:\/\/i0.wp.com\/gazzettinoitalianopatagonico.com\/wp-content\/uploads\/2025\/07\/cq5dam.thumbnail.cropped.750.422-1.jpeg?fit=750%2C422&ssl=1","jetpack_likes_enabled":true,"jetpack_sharing_enabled":true,"_links":{"self":[{"href":"https:\/\/gazzettinoitalianopatagonico.com\/index.php?rest_route=\/wp\/v2\/posts\/1000019940","targetHints":{"allow":["GET"]}}],"collection":[{"href":"https:\/\/gazzettinoitalianopatagonico.com\/index.php?rest_route=\/wp\/v2\/posts"}],"about":[{"href":"https:\/\/gazzettinoitalianopatagonico.com\/index.php?rest_route=\/wp\/v2\/types\/post"}],"author":[{"embeddable":true,"href":"https:\/\/gazzettinoitalianopatagonico.com\/index.php?rest_route=\/wp\/v2\/users\/1"}],"replies":[{"embeddable":true,"href":"https:\/\/gazzettinoitalianopatagonico.com\/index.php?rest_route=%2Fwp%2Fv2%2Fcomments&post=1000019940"}],"version-history":[{"count":1,"href":"https:\/\/gazzettinoitalianopatagonico.com\/index.php?rest_route=\/wp\/v2\/posts\/1000019940\/revisions"}],"predecessor-version":[{"id":1000019942,"href":"https:\/\/gazzettinoitalianopatagonico.com\/index.php?rest_route=\/wp\/v2\/posts\/1000019940\/revisions\/1000019942"}],"wp:featuredmedia":[{"embeddable":true,"href":"https:\/\/gazzettinoitalianopatagonico.com\/index.php?rest_route=\/wp\/v2\/media\/1000019941"}],"wp:attachment":[{"href":"https:\/\/gazzettinoitalianopatagonico.com\/index.php?rest_route=%2Fwp%2Fv2%2Fmedia&parent=1000019940"}],"wp:term":[{"taxonomy":"category","embeddable":true,"href":"https:\/\/gazzettinoitalianopatagonico.com\/index.php?rest_route=%2Fwp%2Fv2%2Fcategories&post=1000019940"},{"taxonomy":"post_tag","embeddable":true,"href":"https:\/\/gazzettinoitalianopatagonico.com\/index.php?rest_route=%2Fwp%2Fv2%2Ftags&post=1000019940"}],"curies":[{"name":"wp","href":"https:\/\/api.w.org\/{rel}","templated":true}]}}