{"id":1000019931,"date":"2025-07-06T20:03:38","date_gmt":"2025-07-06T23:03:38","guid":{"rendered":"https:\/\/gazzettinoitalianopatagonico.com\/?p=1000019931"},"modified":"2025-07-06T20:03:40","modified_gmt":"2025-07-06T23:03:40","slug":"scontro-tajani-lega-sulla-cittadinanza-il-vicepremier-e-nel-programma-il-partito-di-salvini-non-passera-mai","status":"publish","type":"post","link":"https:\/\/gazzettinoitalianopatagonico.com\/?p=1000019931","title":{"rendered":"Scontro Tajani-Lega sulla cittadinanza. Il vicepremier: \u00ab\u00c8 nel programma\u00bb. Il partito di Salvini: \u00abNon passer\u00e0 mai\u00bb"},"content":{"rendered":"\n<p>Sulla cittadinanza \u00abil modello \u00e8 quello di Roma. Cosa faceva Roma? Inglobava, non escludeva, perch\u00e9 aveva un&#8217;identit\u00e0 forte. Quando abbiamo immigrati regolari che gi\u00e0 ci stanno, vogliamo che diventino italiani oppure vogliamo che continuino a bighellonare per le citt\u00e0 e poi magari si prendono la cittadinanza senza sapere una parola della nostra lingua, senza conoscere la nostra storia?\u00bb. Lo dice il ministro degli Esteri, Antonio Tajani, dal palco del forum in Masseria, in corso a Manduria. \u00abAnche l&#8217;imperatore Traniano era figlio di un senatore ispanico\u00bb, ricorda Tajani, secondo il quale \u00abnon \u00e8 il colore della pelle che ti fa italiano\u00bb. E infine: \u00abNon c&#8217;\u00e8 pericolo di un&#8217;invasione islamica nelle scuole\u00bb. La nostra proposta sulla cittadinanza \u00ab\u00e8 parte del programma del centro-destra, perch\u00e9 al punto 6 del programma si parla di integrazione economica e sociale dei migranti regolari. La scuola \u00e8 parte dell&#8217;integrazione sociale, mi pare, quindi non in contrasto\u00bb.<\/p>\n\n\n\n<p>LEGA: \u00abBASTA POLEMICHE, NON PASSER\u00c0 MAI\u00bb<\/p>\n\n\n\n<p>Secca la replica della Lega, affidata a una nota: \u00abInvitiamo l&#8217;amico Antonio Tajani ad archiviare ogni polemica sulla riforma della cittadinanza. Non passer\u00e0 mai, non \u00e8 prevista dal programma di centrodestra, \u00e8 stata bocciata perfino dal recente referendum promosso dalla sinistra. Guardiamo avanti, al Paese non serve un&#8217;estate di inutili polemiche: abbiamo il dovere di realizzare il programma che ha convinto gli italiani a darci fiducia\u00bb.<\/p>\n\n\n\n<p>\u00abTEMA NON AFFRONTATO CON MARINA BERLUSCONI\u00bb<\/p>\n\n\n\n<p>A margine del forum di Manduria, Tajani torna sullo ius scholae: \u00abMarina Berlusconi \u00e8 un&#8217;amica, non abbiamo mai affrontato questo tema. Non si \u00e8 mai espressa su questo tema\u00bb.<\/p>\n\n\n\n<p>\u00abDOPO PAUSA ESTIVA VEDREMO TEMPI GIUSTI\u00bb<\/p>\n\n\n\n<p>I tempi sulla discussione delle proposte sulla cittadinanza \u00abli decidiamo noi e non la sinistra. Decidiamo noi \u00e8 quando \u00e8 pi\u00f9 utile per l&#8217;Italia aprire un dibattito su questo \u2013 aggiunge \u2013 . Non faccio nessuna marcia indietro, dico soltanto che adesso il Parlamento sta facendo la riforma della giustizia, che \u00e8 una riforma costituzionale e che \u00e8 una nostra priorit\u00e0. Poi ci sono tanti decreti, \u00e8 tutto ingolfato. Dopo la pausa estiva ci sar\u00e0 la manovra, vedremo quali saranno i tempi giusti. Ma facciamo marcia indietro, stiano tutti tranquilli\u00bb, assicura Tajani.<\/p>\n\n\n\n<p>\u00abPAURA NON SI RISOLVE DICENDO CHE CHI HA VELO INDOSSA SACCO IMMONDIZIA\u00bb<\/p>\n\n\n\n<p>\u00abLa paura\u00bb nei confronti dei migranti \u00abnon si risolve dicendo che chi ha il velo si mette in testa il sacco dell&#8217;immondizia. Perch\u00e9 cos\u00ec ti fai soltanto un nemico. Tu devi convincere invece una famiglia a mandare suo figlio in una scuola italiana e non nelle madrasse per diventare un fondamentalista islamico. Deve invece diventare un buon cittadino italiano. Questa \u00e8 una battaglia culturale che io intendo fare perch\u00e9 \u00e8 una battaglia che rafforza l&#8217;Italia e che rafforza il nostro paese\u00bb.<\/p>\n\n\n\n<p>TAJANI: \u00abCERCHER\u00d2 DI CONVINCERRE ALLEATI, NON \u00c8 DISPETTO\u00bb<\/p>\n\n\n\n<p>\u00abLa cittadinanza \u00e8 una cosa seria, non \u00e8 per fare un dispetto all&#8217;uno o all&#8217;altro. Cercher\u00f2 di convincere i miei alleati entrando nei contenuti. Perch\u00e9 tante persone parlano contro la nostra proposta senza neanche sapere cosa dice\u00bb, afferma Tajani. \u00abQualcuno si confonde con la proposta del Partito Democratico. La nostra \u00e8 completamente diversa, non abbiamo nulla a che fare con la proposta del Partito Democratico\u00bb, aggiunge il vicepremier, che conclude: \u00abSiamo pronti a discutere con tutti cercando di spiegare nei contenuti esattamente che cosa vogliamo quando parliamo di Ius Italiae. \u00c8 un modo per far s\u00ec che l&#8217;Italia sia pi\u00f9 forte con la sua identit\u00e0 e la sua cultura\u00bb.<\/p>\n\n\n\n<p>Emanuele Nuccitelli<\/p>\n","protected":false},"excerpt":{"rendered":"<p>Sulla cittadinanza \u00abil modello \u00e8 quello di Roma. Cosa faceva Roma? Inglobava, non escludeva, perch\u00e9 aveva un&#8217;identit\u00e0 forte. Quando abbiamo immigrati regolari che gi\u00e0 ci stanno, vogliamo che diventino italiani oppure vogliamo che continuino a bighellonare per le citt\u00e0 e poi magari si prendono la cittadinanza senza sapere una parola della nostra lingua, senza conoscere [&hellip;]<\/p>\n","protected":false},"author":1,"featured_media":1000019932,"comment_status":"closed","ping_status":"open","sticky":false,"template":"","format":"standard","meta":{"content-type":"","_jetpack_memberships_contains_paid_content":false,"jnews-multi-image_gallery":[],"jnews_single_post":{"format":"standard"},"jnews_primary_category":[],"footnotes":"","jetpack_publicize_message":"","jetpack_publicize_feature_enabled":true,"jetpack_social_post_already_shared":true,"jetpack_social_options":{"image_generator_settings":{"template":"highway","default_image_id":0,"font":"","enabled":false},"version":2}},"categories":[46,32],"tags":[],"class_list":{"0":"post-1000019931","1":"post","2":"type-post","3":"status-publish","4":"format-standard","5":"has-post-thumbnail","7":"category-italia","8":"category-politica"},"jetpack_publicize_connections":[],"jetpack_featured_media_url":"https:\/\/i0.wp.com\/gazzettinoitalianopatagonico.com\/wp-content\/uploads\/2025\/07\/meloni_discorso_camera.jpg?fit=1000%2C666&ssl=1","jetpack_likes_enabled":true,"jetpack_sharing_enabled":true,"_links":{"self":[{"href":"https:\/\/gazzettinoitalianopatagonico.com\/index.php?rest_route=\/wp\/v2\/posts\/1000019931","targetHints":{"allow":["GET"]}}],"collection":[{"href":"https:\/\/gazzettinoitalianopatagonico.com\/index.php?rest_route=\/wp\/v2\/posts"}],"about":[{"href":"https:\/\/gazzettinoitalianopatagonico.com\/index.php?rest_route=\/wp\/v2\/types\/post"}],"author":[{"embeddable":true,"href":"https:\/\/gazzettinoitalianopatagonico.com\/index.php?rest_route=\/wp\/v2\/users\/1"}],"replies":[{"embeddable":true,"href":"https:\/\/gazzettinoitalianopatagonico.com\/index.php?rest_route=%2Fwp%2Fv2%2Fcomments&post=1000019931"}],"version-history":[{"count":1,"href":"https:\/\/gazzettinoitalianopatagonico.com\/index.php?rest_route=\/wp\/v2\/posts\/1000019931\/revisions"}],"predecessor-version":[{"id":1000019933,"href":"https:\/\/gazzettinoitalianopatagonico.com\/index.php?rest_route=\/wp\/v2\/posts\/1000019931\/revisions\/1000019933"}],"wp:featuredmedia":[{"embeddable":true,"href":"https:\/\/gazzettinoitalianopatagonico.com\/index.php?rest_route=\/wp\/v2\/media\/1000019932"}],"wp:attachment":[{"href":"https:\/\/gazzettinoitalianopatagonico.com\/index.php?rest_route=%2Fwp%2Fv2%2Fmedia&parent=1000019931"}],"wp:term":[{"taxonomy":"category","embeddable":true,"href":"https:\/\/gazzettinoitalianopatagonico.com\/index.php?rest_route=%2Fwp%2Fv2%2Fcategories&post=1000019931"},{"taxonomy":"post_tag","embeddable":true,"href":"https:\/\/gazzettinoitalianopatagonico.com\/index.php?rest_route=%2Fwp%2Fv2%2Ftags&post=1000019931"}],"curies":[{"name":"wp","href":"https:\/\/api.w.org\/{rel}","templated":true}]}}