{"id":1000019922,"date":"2025-07-06T19:59:40","date_gmt":"2025-07-06T22:59:40","guid":{"rendered":"https:\/\/gazzettinoitalianopatagonico.com\/?p=1000019922"},"modified":"2025-07-06T19:59:41","modified_gmt":"2025-07-06T22:59:41","slug":"un-italiano-tra-le-fila-dei-new-york-mets-giornata-storica-per-il-baseball-italiano","status":"publish","type":"post","link":"https:\/\/gazzettinoitalianopatagonico.com\/?p=1000019922","title":{"rendered":"Un italiano tra le fila dei New York Mets: giornata storica per il baseball italiano"},"content":{"rendered":"\n<p>Una giornata storica per Matteo Marelli e per il baseball italiano. Il lanciatore milanese, classe 2006, ha firmato con la franchigia della Major League Baseball dei New York Mets. L&#8217;atleta nativo di Senago, dove \u00e8 cresciuto sportivamente fino al 2023, \u00e8 diventato ufficialmente il sesto italiano che militer\u00e0 nelle Minors americane in questo 2025 dopo Giacomo Taschin (suo compagno di squadra a Rovigo, che ha firmato poche settimane fa con i Toronto Blue Jays), Filippo Sabatini, Williams Wong, Alessandro Ercolani e Samuel Aldegheri. Matteo \u00e8, inoltre, il primo atleta dilettante europeo a firmare con la franchigia newyorkese. \u00abSono felicissimo per quel che \u00e8 avvenuto oggi. Mi ci \u00e8 voluto un po&#8217; per realizzare che fosse tutto vero. Sono molto carico per quello che mi aspetter\u00e0 e non vedo l&#8217;ora di iniziare\u00bb ha detto Matteo dopo aver firmato. Ha poi proseguito ringraziando la propria famiglia, la fidanzata, gli amici e tutti coloro che gli sono stati vicino in questo periodo e nel corso della sua carriera sportiva e non. Ha poi voluto sottolineare il lavoro svolto con il Senago Baseball nella parte iniziale della sua carriera e gli ultimi 2 anni sotto la guida del pitching coach Enrico Crepaldi. Durante la prima elementare, il destino, ha fatto s\u00ec che il giovane Matteo vincesse, nella lotteria scolastica, una settimana del camp estivo del Senago Baseball. Dopo quel campo estivo, il giovane milanese non \u00e8 pi\u00f9 uscito dal diamante di gioco, innamorandosi del baseball. A settembre dello stesso anno \u00e8 arrivata poi l&#8217;iscrizione ufficiale al Senago Baseball e da quel momento \u00e8 partita la sua carriera. Nel 2022 \u00e8 arrivato, a soli 16 anni, l&#8217;esordio in Serie A mentre nel 2024 si \u00e8 trasferito all&#8217;Itas Mutua Rovigo. Con la casacca rodigina \u00e8 arrivato un titolo nazionale U18, la scorsa stagione, mentre con quella della nazionale il titolo di Campioni d&#8217;Europa U18 2024. \u00abOggi \u00e8 un giorno storico ed emozionante per i New York Mets, mentre diamo con orgoglio il benvenuto a Matteo Marelli nella nostra organizzazione- ha dichiarato Rosario Chiovaro, Manager dello Scouting Internazionale per i Mets\u2013 Matteo \u00e8 il primo dilettante europeo ad essere mai stato ingaggiato dalla nostra franchigia, e non potremmo essere pi\u00f9 entusiasti per il suo futuro. Abbiamo seguito Matteo da vicino negli ultimi tre anni, e ci \u00e8 apparso chiaro che possiede le qualit\u00e0 per competere a livello professionistico. Quello che lo distingue davvero, per\u00f2, \u00e8 la sua intelligenza, la determinazione instancabile nel migliorarsi, e la maturit\u00e0 che dimostra sia dentro che fuori dal campo. \u00c8 il prodotto di un sistema di supporto eccezionale, e siamo profondamente grati ai suoi genitori, Stefano e Gabriella, per aver riposto la loro fiducia nei Mets mentre Matteo intraprende questo nuovo capitolo del suo percorso. Questo ingaggio ha anche un significato speciale per me, a livello personale. Essendo figlio di un immigrato italiano, avere l&#8217;opportunit\u00e0 di contribuire alla crescita del baseball in Italia e di portare talenti come Matteo nel baseball professionistico \u00e8 estremamente entusiasmante e motivo di grande orgoglio. \u00c8 una dimostrazione di quanto il nostro sport sia cresciuto a livello internazionale e di quanto sia promettente il futuro del baseball europeo. Siamo orgogliosi di far parte di questa crescita e non vediamo l&#8217;ora di vedere Matteo svilupparsi nel sistema dei Mets\u00bb.<\/p>\n\n\n\n<p>Andrea Mantovani<\/p>\n","protected":false},"excerpt":{"rendered":"<p>Una giornata storica per Matteo Marelli e per il baseball italiano. Il lanciatore milanese, classe 2006, ha firmato con la franchigia della Major League Baseball dei New York Mets. L&#8217;atleta nativo di Senago, dove \u00e8 cresciuto sportivamente fino al 2023, \u00e8 diventato ufficialmente il sesto italiano che militer\u00e0 nelle Minors americane in questo 2025 dopo [&hellip;]<\/p>\n","protected":false},"author":1,"featured_media":1000019923,"comment_status":"closed","ping_status":"open","sticky":false,"template":"","format":"standard","meta":{"content-type":"","_jetpack_memberships_contains_paid_content":false,"jnews-multi-image_gallery":[],"jnews_single_post":{"format":"standard"},"jnews_primary_category":[],"footnotes":"","jetpack_publicize_message":"","jetpack_publicize_feature_enabled":true,"jetpack_social_post_already_shared":true,"jetpack_social_options":{"image_generator_settings":{"template":"highway","default_image_id":0,"font":"","enabled":false},"version":2}},"categories":[169],"tags":[],"class_list":{"0":"post-1000019922","1":"post","2":"type-post","3":"status-publish","4":"format-standard","5":"has-post-thumbnail","7":"category-deportes"},"jetpack_publicize_connections":[],"jetpack_featured_media_url":"https:\/\/i0.wp.com\/gazzettinoitalianopatagonico.com\/wp-content\/uploads\/2025\/07\/juw4i66fn7mjus7n7myj-1024x576-1.jpg?fit=1024%2C576&ssl=1","jetpack_likes_enabled":true,"jetpack_sharing_enabled":true,"_links":{"self":[{"href":"https:\/\/gazzettinoitalianopatagonico.com\/index.php?rest_route=\/wp\/v2\/posts\/1000019922","targetHints":{"allow":["GET"]}}],"collection":[{"href":"https:\/\/gazzettinoitalianopatagonico.com\/index.php?rest_route=\/wp\/v2\/posts"}],"about":[{"href":"https:\/\/gazzettinoitalianopatagonico.com\/index.php?rest_route=\/wp\/v2\/types\/post"}],"author":[{"embeddable":true,"href":"https:\/\/gazzettinoitalianopatagonico.com\/index.php?rest_route=\/wp\/v2\/users\/1"}],"replies":[{"embeddable":true,"href":"https:\/\/gazzettinoitalianopatagonico.com\/index.php?rest_route=%2Fwp%2Fv2%2Fcomments&post=1000019922"}],"version-history":[{"count":1,"href":"https:\/\/gazzettinoitalianopatagonico.com\/index.php?rest_route=\/wp\/v2\/posts\/1000019922\/revisions"}],"predecessor-version":[{"id":1000019924,"href":"https:\/\/gazzettinoitalianopatagonico.com\/index.php?rest_route=\/wp\/v2\/posts\/1000019922\/revisions\/1000019924"}],"wp:featuredmedia":[{"embeddable":true,"href":"https:\/\/gazzettinoitalianopatagonico.com\/index.php?rest_route=\/wp\/v2\/media\/1000019923"}],"wp:attachment":[{"href":"https:\/\/gazzettinoitalianopatagonico.com\/index.php?rest_route=%2Fwp%2Fv2%2Fmedia&parent=1000019922"}],"wp:term":[{"taxonomy":"category","embeddable":true,"href":"https:\/\/gazzettinoitalianopatagonico.com\/index.php?rest_route=%2Fwp%2Fv2%2Fcategories&post=1000019922"},{"taxonomy":"post_tag","embeddable":true,"href":"https:\/\/gazzettinoitalianopatagonico.com\/index.php?rest_route=%2Fwp%2Fv2%2Ftags&post=1000019922"}],"curies":[{"name":"wp","href":"https:\/\/api.w.org\/{rel}","templated":true}]}}