{"id":1000019919,"date":"2025-07-06T19:56:52","date_gmt":"2025-07-06T22:56:52","guid":{"rendered":"https:\/\/gazzettinoitalianopatagonico.com\/?p=1000019919"},"modified":"2025-07-06T19:56:54","modified_gmt":"2025-07-06T22:56:54","slug":"il-rosso-scuro-per-il-livello-di-massimo-pericolo-per-valanghe","status":"publish","type":"post","link":"https:\/\/gazzettinoitalianopatagonico.com\/?p=1000019919","title":{"rendered":"Il rosso scuro per il livello di massimo pericolo per valanghe"},"content":{"rendered":"\n<p>Cambiamenti in vista per il sistema di classificazione del pericolo valanghe: prossimamente nei bollettini di previsione del pericolo valanghe, il livello massimo non sar\u00e0 pi\u00f9 definito \u00abmolto forte\u00bb ma \u00abestremo\u00bb. Inoltre, sar\u00e0 identificato da un nuovo colore, il rosso scuro. Nuove descrizioni tecniche collegheranno i cinque livelli di pericolo ai fattori di valutazione. \u00abSicurezza del manto nevoso\u00bb e \u00abProbabilit\u00e0 di valanghe\u00bb saranno sostituite da \u00abEvento valanga\u00bb e \u00abDimensioni o impatto della valanga\u00bb. Verr\u00e0 inserita una nuova &#8216;colonna&#8217; di avviso per gli escursionisti che fornir\u00e0 indicazioni pratiche di comportamento. Per i livelli di pericolo pi\u00f9 alti, focus sulla gestione delle crisi. Sono le novit\u00e0 che arrivano dal Castello di Seggau in Austria dove, dal 22 al 26 giugno scorsi, si \u00e8 tenuta la 22esima assemblea generale dell&#8217;Eaws (European avalanche warning service), che ha visto la partecipazione di oltre 90 esperti provenienti da tutto il mondo, tra cui Andorra, tutti i Paesi alpini e dei Carpazi, Spagna, Gran Bretagna, Finlandia, Canada, Stati Uniti e Ucraina. L&#8217;evento Eaws, organizzato dal Dipartimento della Protezione civile e della Difesa nazionale della Provincia della Stiria, in collaborazione con Geosphere Austria-Ufficio Regionale di Graz, \u00e8 servito a fare il punto sul lavoro svolto dai Servizi Valanghe dal 2022 al 2025 e delineare le nuove linee guida tecniche in materia di prevenzione e comunicazione del pericolo valanghe. Al summit c&#8217;era anche il Servizio MeteoMont dell&#8217;Arma dei Carabinieri, che ha contribuito con presentazioni tecniche relative al monitoraggio nivometeorologico, all&#8217;evoluzione del bollettino valanghe italiano e alla digitalizzazione dei sistemi di previsione e comunicazione. Mentre fuori faceva caldissimo, dunque, nel Castello i Carabinieri erano impegnati a guardare gi\u00e0 alla stagione invernale: \u00abIl lavoro preventivo, infatti, permetter\u00e0 di non trovarsi impreparati con l&#8217;inizio delle nevicate e dei fenomeni\u00bb, fa sapere l&#8217;Arma diffondendo un report sul summit in Austria. Durante l&#8217;assemblea, \u00e8 stata confermata la nomina del capo del Centro nazionale Meteomont nel Technical advisory board dell&#8217;Eaws. Il Servizio Meteomont dei Carabinieri, inoltre, con alcuni dei suoi militari, partecipa ai gruppi di lavoro dell&#8217;Eaws dedicati a comunicazione del grado di pericolo, revisione della scala del pericolo, formazione dei profili tecnici e traduzione delle linee guida nei bollettini nazionali con termini tecnici adeguati.<\/p>\n\n\n\n<p>Mattia Cecchini<\/p>\n","protected":false},"excerpt":{"rendered":"<p>Cambiamenti in vista per il sistema di classificazione del pericolo valanghe: prossimamente nei bollettini di previsione del pericolo valanghe, il livello massimo non sar\u00e0 pi\u00f9 definito \u00abmolto forte\u00bb ma \u00abestremo\u00bb. Inoltre, sar\u00e0 identificato da un nuovo colore, il rosso scuro. Nuove descrizioni tecniche collegheranno i cinque livelli di pericolo ai fattori di valutazione. \u00abSicurezza del [&hellip;]<\/p>\n","protected":false},"author":1,"featured_media":1000019920,"comment_status":"closed","ping_status":"open","sticky":false,"template":"","format":"standard","meta":{"content-type":"","_jetpack_memberships_contains_paid_content":false,"jnews-multi-image_gallery":[],"jnews_single_post":{"format":"standard"},"jnews_primary_category":[],"footnotes":"","jetpack_publicize_message":"","jetpack_publicize_feature_enabled":true,"jetpack_social_post_already_shared":true,"jetpack_social_options":{"image_generator_settings":{"template":"highway","default_image_id":0,"font":"","enabled":false},"version":2}},"categories":[42],"tags":[],"class_list":{"0":"post-1000019919","1":"post","2":"type-post","3":"status-publish","4":"format-standard","5":"has-post-thumbnail","7":"category-ecologia"},"jetpack_publicize_connections":[],"jetpack_featured_media_url":"https:\/\/i0.wp.com\/gazzettinoitalianopatagonico.com\/wp-content\/uploads\/2025\/07\/valanga_svizzera-1024x576-1.jpg?fit=1024%2C576&ssl=1","jetpack_likes_enabled":true,"jetpack_sharing_enabled":true,"_links":{"self":[{"href":"https:\/\/gazzettinoitalianopatagonico.com\/index.php?rest_route=\/wp\/v2\/posts\/1000019919","targetHints":{"allow":["GET"]}}],"collection":[{"href":"https:\/\/gazzettinoitalianopatagonico.com\/index.php?rest_route=\/wp\/v2\/posts"}],"about":[{"href":"https:\/\/gazzettinoitalianopatagonico.com\/index.php?rest_route=\/wp\/v2\/types\/post"}],"author":[{"embeddable":true,"href":"https:\/\/gazzettinoitalianopatagonico.com\/index.php?rest_route=\/wp\/v2\/users\/1"}],"replies":[{"embeddable":true,"href":"https:\/\/gazzettinoitalianopatagonico.com\/index.php?rest_route=%2Fwp%2Fv2%2Fcomments&post=1000019919"}],"version-history":[{"count":1,"href":"https:\/\/gazzettinoitalianopatagonico.com\/index.php?rest_route=\/wp\/v2\/posts\/1000019919\/revisions"}],"predecessor-version":[{"id":1000019921,"href":"https:\/\/gazzettinoitalianopatagonico.com\/index.php?rest_route=\/wp\/v2\/posts\/1000019919\/revisions\/1000019921"}],"wp:featuredmedia":[{"embeddable":true,"href":"https:\/\/gazzettinoitalianopatagonico.com\/index.php?rest_route=\/wp\/v2\/media\/1000019920"}],"wp:attachment":[{"href":"https:\/\/gazzettinoitalianopatagonico.com\/index.php?rest_route=%2Fwp%2Fv2%2Fmedia&parent=1000019919"}],"wp:term":[{"taxonomy":"category","embeddable":true,"href":"https:\/\/gazzettinoitalianopatagonico.com\/index.php?rest_route=%2Fwp%2Fv2%2Fcategories&post=1000019919"},{"taxonomy":"post_tag","embeddable":true,"href":"https:\/\/gazzettinoitalianopatagonico.com\/index.php?rest_route=%2Fwp%2Fv2%2Ftags&post=1000019919"}],"curies":[{"name":"wp","href":"https:\/\/api.w.org\/{rel}","templated":true}]}}