{"id":1000019916,"date":"2025-07-06T19:54:46","date_gmt":"2025-07-06T22:54:46","guid":{"rendered":"https:\/\/gazzettinoitalianopatagonico.com\/?p=1000019916"},"modified":"2025-07-06T19:54:48","modified_gmt":"2025-07-06T22:54:48","slug":"terribile-scontro-musiala-donnarumma-portiere-in-lacrime","status":"publish","type":"post","link":"https:\/\/gazzettinoitalianopatagonico.com\/?p=1000019916","title":{"rendered":"Terribile scontro Musiala-Donnarumma, portiere in lacrime"},"content":{"rendered":"\n<p>Terribile scontro di gioco tra Musiala e Donnarumma durante i quarti di finale del Mondiale per club tra Psg e Bayern Monaco. Ad avere la peggio \u00e8 la giovane stella tedesca, 22 anni. E dai primi riscontri, l&#8217;infortunio sembra essere molto serio. L&#8217;incidente \u00e8 avvenuto poco prima dell&#8217;intervallo, quando Musiala ha affrontato un pallone in area, trovandosi coinvolto in un contrasto con Donnarumma. Il portiere ha tuffato il corpo per respingere, finendo suo malgrado sopra la gamba sinistra dell&#8217;avversario. Le immagini mostrano l&#8217;attaccante cadere con il piede bloccato, l&#8217;anca ruotata: \u00e8 stato immediatamente evidente che si trattava di un infortunio serio, tanto che il gioco \u00e8 stato interrotto mentre veniva soccorso in campo e poi trasportato in barella. Donnarumma, visibilmente scosso, \u00e8 scoppiato in lacrime.<\/p>\n\n\n\n<p>Amedeo Liris<\/p>\n","protected":false},"excerpt":{"rendered":"<p>Terribile scontro di gioco tra Musiala e Donnarumma durante i quarti di finale del Mondiale per club tra Psg e Bayern Monaco. Ad avere la peggio \u00e8 la giovane stella tedesca, 22 anni. E dai primi riscontri, l&#8217;infortunio sembra essere molto serio. L&#8217;incidente \u00e8 avvenuto poco prima dell&#8217;intervallo, quando Musiala ha affrontato un pallone in [&hellip;]<\/p>\n","protected":false},"author":1,"featured_media":1000019917,"comment_status":"closed","ping_status":"open","sticky":false,"template":"","format":"standard","meta":{"content-type":"","_jetpack_memberships_contains_paid_content":false,"jnews-multi-image_gallery":[],"jnews_single_post":{"format":"standard"},"jnews_primary_category":[],"footnotes":"","jetpack_publicize_message":"","jetpack_publicize_feature_enabled":true,"jetpack_social_post_already_shared":true,"jetpack_social_options":{"image_generator_settings":{"template":"highway","default_image_id":0,"font":"","enabled":false},"version":2}},"categories":[169],"tags":[],"class_list":{"0":"post-1000019916","1":"post","2":"type-post","3":"status-publish","4":"format-standard","5":"has-post-thumbnail","7":"category-deportes"},"jetpack_publicize_connections":[],"jetpack_featured_media_url":"https:\/\/i0.wp.com\/gazzettinoitalianopatagonico.com\/wp-content\/uploads\/2025\/07\/Immagine-2025-07-05-192902.jpg?fit=472%2C423&ssl=1","jetpack_likes_enabled":true,"jetpack_sharing_enabled":true,"_links":{"self":[{"href":"https:\/\/gazzettinoitalianopatagonico.com\/index.php?rest_route=\/wp\/v2\/posts\/1000019916","targetHints":{"allow":["GET"]}}],"collection":[{"href":"https:\/\/gazzettinoitalianopatagonico.com\/index.php?rest_route=\/wp\/v2\/posts"}],"about":[{"href":"https:\/\/gazzettinoitalianopatagonico.com\/index.php?rest_route=\/wp\/v2\/types\/post"}],"author":[{"embeddable":true,"href":"https:\/\/gazzettinoitalianopatagonico.com\/index.php?rest_route=\/wp\/v2\/users\/1"}],"replies":[{"embeddable":true,"href":"https:\/\/gazzettinoitalianopatagonico.com\/index.php?rest_route=%2Fwp%2Fv2%2Fcomments&post=1000019916"}],"version-history":[{"count":1,"href":"https:\/\/gazzettinoitalianopatagonico.com\/index.php?rest_route=\/wp\/v2\/posts\/1000019916\/revisions"}],"predecessor-version":[{"id":1000019918,"href":"https:\/\/gazzettinoitalianopatagonico.com\/index.php?rest_route=\/wp\/v2\/posts\/1000019916\/revisions\/1000019918"}],"wp:featuredmedia":[{"embeddable":true,"href":"https:\/\/gazzettinoitalianopatagonico.com\/index.php?rest_route=\/wp\/v2\/media\/1000019917"}],"wp:attachment":[{"href":"https:\/\/gazzettinoitalianopatagonico.com\/index.php?rest_route=%2Fwp%2Fv2%2Fmedia&parent=1000019916"}],"wp:term":[{"taxonomy":"category","embeddable":true,"href":"https:\/\/gazzettinoitalianopatagonico.com\/index.php?rest_route=%2Fwp%2Fv2%2Fcategories&post=1000019916"},{"taxonomy":"post_tag","embeddable":true,"href":"https:\/\/gazzettinoitalianopatagonico.com\/index.php?rest_route=%2Fwp%2Fv2%2Ftags&post=1000019916"}],"curies":[{"name":"wp","href":"https:\/\/api.w.org\/{rel}","templated":true}]}}