{"id":1000019913,"date":"2025-07-06T19:53:42","date_gmt":"2025-07-06T22:53:42","guid":{"rendered":"https:\/\/gazzettinoitalianopatagonico.com\/?p=1000019913"},"modified":"2025-07-06T19:53:44","modified_gmt":"2025-07-06T22:53:44","slug":"premio-strega-2025-vince-andrea-bajani-con-lanniversario-ma-tiene-banco-la-polemica-con-il-governo","status":"publish","type":"post","link":"https:\/\/gazzettinoitalianopatagonico.com\/?p=1000019913","title":{"rendered":"Premio Strega 2025, vince Andrea Bajani con &#8216;L&#8217;Anniversario&#8217; ma tiene banco la polemica con il Governo"},"content":{"rendered":"\n<p>Andrea Bajani conquista il Premio Strega 2025 senza rivali. Il suo romanzo &#8216;L&#8217;anniversario&#8217; (Feltrinelli) si \u00e8 imposto nettamente, ricevendo 194 voti dopo un problema iniziale nel conteggio che lo aveva dato vincitore a quota 187. Bajani ha ringraziato la giuria sottolineando con orgoglio la vittoria nel settantesimo anniversario della casa editrice Feltrinelli, ricordando come la letteratura sia sempre \u00abcontestazione della versione ufficiale, troppo spesso patriarcale\u00bb. La sua affermazione, netta e senza duelli, \u00e8 arrivata in una serata segnata per\u00f2 da tensioni esterne: la polemica tra il Ministero della Cultura e la Fondazione Bellonci che organizza il premio ha inquinato l&#8217;atmosfera della cerimonia. Se Bajani ha festeggiato, la vera sorpresa della classifica \u00e8 stato il secondo posto di Elisabetta Rasy, con &#8216;Perduto \u00e8 questo mare&#8217; (Rizzoli, 133 voti), che ha superato Nadia Terranova, terza con &#8216;Quello che so di te&#8217; (Guanda, 117 voti). Quarto posto per Paolo Nori con &#8216;Chiudo la porta e urlo&#8217; (Mondadori, 103 voti), mentre quinto, a soli quattro voti di distanza, si \u00e8 classificato Michele Ruol, medico anestesista al suo esordio con &#8216;Inventario di quel che resta dopo che la foresta brucia&#8217; (TerraRossa, 99 voti), considerato la rivelazione di questa edizione. Se non fosse stato per la polemica innescata dal ministro Giuli, questa settantanovesima edizione sarebbe trascorsa in un clima di fair play quasi assoluto. Poche ore prima della proclamazione, infatti, il Ministero della Cultura ha annunciato l&#8217;intenzione di spostare la sede della finale 2026 dalla rinascimentale villa di Papa Giulio III agli studi di Cinecitt\u00e0, sulla Tuscolana. Una decisione motivata come \u00abvalorizzazione delle periferie metropolitane, in coerenza con il piano Olivetti\u00bb, ma letta da molti come un atto politico punitivo nei confronti della Fondazione Bellonci. Il direttore Stefano Petrocchi ha ricordato come funziona l&#8217;assegnazione degli spazi: \u00abOgni anno facciamo richiesta di concessione per il museo etrusco. Lo Strega si svolge qui dal 1953, prima nel Ninfeo e dal &#8217;63 nei giardini\u00bb. Petrocchi ha anche confermato di aver inviato i libri candidati al ministro proprio oggi, ricevendo un ringraziamento. Sull&#8217;ipotesi Cinecitt\u00e0, proposta dal Mic per l&#8217;edizione 2026, il direttore non si \u00e8 scomposto: \u00abLo Strega Giovani si \u00e8 tenuto l\u00ec nel 2022, ci piacciono anche i luoghi periferici\u00bb. Anche il presidente della Fondazione, Giovanni Solimine, ha reagito con aplomb: \u00abSono pi\u00f9 di settant&#8217;anni che il premio si tiene qui, ma se necessario si pu\u00f2 fare altrove. A Roma ci sono molte possibilit\u00e0\u00bb. Pi\u00f9 netta Donatella Di Pietrantonio, vincitrice dello scorso anno: \u00abQuella del ministro \u00e8 una polemica inutile. Se avesse chiesto i libri gli sarebbero stati mandati\u00bb. Durante la serata, Federico Mollicone, presidente della Commissione Cultura alla Camera, ha parlato di \u00abmalinteso\u00bb e annunciato uno stanziamento di 44 milioni di euro a sostegno del settore. Ma l&#8217;attenzione, in una serata che avrebbe dovuto celebrare solo la letteratura, \u00e8 stata catturata dal clima di tensione tra il governo e il premio letterario pi\u00f9 importante d&#8217;Italia.<\/p>\n\n\n\n<p>Piero Bonito Oliva<\/p>\n","protected":false},"excerpt":{"rendered":"<p>Andrea Bajani conquista il Premio Strega 2025 senza rivali. Il suo romanzo &#8216;L&#8217;anniversario&#8217; (Feltrinelli) si \u00e8 imposto nettamente, ricevendo 194 voti dopo un problema iniziale nel conteggio che lo aveva dato vincitore a quota 187. Bajani ha ringraziato la giuria sottolineando con orgoglio la vittoria nel settantesimo anniversario della casa editrice Feltrinelli, ricordando come la [&hellip;]<\/p>\n","protected":false},"author":1,"featured_media":1000019914,"comment_status":"closed","ping_status":"open","sticky":false,"template":"","format":"standard","meta":{"content-type":"","_jetpack_memberships_contains_paid_content":false,"jnews-multi-image_gallery":[],"jnews_single_post":{"format":"standard"},"jnews_primary_category":[],"footnotes":"","jetpack_publicize_message":"","jetpack_publicize_feature_enabled":true,"jetpack_social_post_already_shared":true,"jetpack_social_options":{"image_generator_settings":{"template":"highway","default_image_id":0,"font":"","enabled":false},"version":2}},"categories":[9],"tags":[],"class_list":{"0":"post-1000019913","1":"post","2":"type-post","3":"status-publish","4":"format-standard","5":"has-post-thumbnail","7":"category-cultura"},"jetpack_publicize_connections":[],"jetpack_featured_media_url":"https:\/\/i0.wp.com\/gazzettinoitalianopatagonico.com\/wp-content\/uploads\/2025\/07\/515990067_18511095451049320_2299460264917823083_n-e1751608916491-1024x762-1.jpg?fit=1024%2C762&ssl=1","jetpack_likes_enabled":true,"jetpack_sharing_enabled":true,"_links":{"self":[{"href":"https:\/\/gazzettinoitalianopatagonico.com\/index.php?rest_route=\/wp\/v2\/posts\/1000019913","targetHints":{"allow":["GET"]}}],"collection":[{"href":"https:\/\/gazzettinoitalianopatagonico.com\/index.php?rest_route=\/wp\/v2\/posts"}],"about":[{"href":"https:\/\/gazzettinoitalianopatagonico.com\/index.php?rest_route=\/wp\/v2\/types\/post"}],"author":[{"embeddable":true,"href":"https:\/\/gazzettinoitalianopatagonico.com\/index.php?rest_route=\/wp\/v2\/users\/1"}],"replies":[{"embeddable":true,"href":"https:\/\/gazzettinoitalianopatagonico.com\/index.php?rest_route=%2Fwp%2Fv2%2Fcomments&post=1000019913"}],"version-history":[{"count":1,"href":"https:\/\/gazzettinoitalianopatagonico.com\/index.php?rest_route=\/wp\/v2\/posts\/1000019913\/revisions"}],"predecessor-version":[{"id":1000019915,"href":"https:\/\/gazzettinoitalianopatagonico.com\/index.php?rest_route=\/wp\/v2\/posts\/1000019913\/revisions\/1000019915"}],"wp:featuredmedia":[{"embeddable":true,"href":"https:\/\/gazzettinoitalianopatagonico.com\/index.php?rest_route=\/wp\/v2\/media\/1000019914"}],"wp:attachment":[{"href":"https:\/\/gazzettinoitalianopatagonico.com\/index.php?rest_route=%2Fwp%2Fv2%2Fmedia&parent=1000019913"}],"wp:term":[{"taxonomy":"category","embeddable":true,"href":"https:\/\/gazzettinoitalianopatagonico.com\/index.php?rest_route=%2Fwp%2Fv2%2Fcategories&post=1000019913"},{"taxonomy":"post_tag","embeddable":true,"href":"https:\/\/gazzettinoitalianopatagonico.com\/index.php?rest_route=%2Fwp%2Fv2%2Ftags&post=1000019913"}],"curies":[{"name":"wp","href":"https:\/\/api.w.org\/{rel}","templated":true}]}}